{"id":12004,"date":"2019-02-21T21:16:31","date_gmt":"2019-02-22T00:16:31","guid":{"rendered":"https:\/\/blogs.correiobraziliense.com.br\/servidor\/?p=12004"},"modified":"2019-02-21T21:16:31","modified_gmt":"2019-02-22T00:16:31","slug":"reforma-da-previdencia-juizes-vem-poucos-pontos-positivos","status":"publish","type":"post","link":"https:\/\/blogs.correiobraziliense.com.br\/servidor\/reforma-da-previdencia-juizes-vem-poucos-pontos-positivos\/","title":{"rendered":"Reforma da Previd\u00eancia &#8211; Ju\u00edzes v\u00eam poucos pontos positivos"},"content":{"rendered":"<p><em>O texto da reforma da Previd\u00eancia (PEC 6\/2019) prejudica grande parte dos servidores &#8211; ativos e aposentados &#8211; e tem pontos considerados inconstitucionais. Entre eles a eleva\u00e7\u00e3o da al\u00edquota da contribui\u00e7\u00e3o previdenci\u00e1ria para cerca de 19% dos sal\u00e1rios do funcionalismo. &#8220;Se somarmos esse percentual \u00e0 al\u00edquota do Imposto de Renda (que vai a 27,5%), o total dos descontos chegar\u00e1 a cerca de 50% das remunera\u00e7\u00e3o. E a Constitui\u00e7\u00e3o diz que qualquer cobran\u00e7a de impostos, combinados ou n\u00e3o, que se aproxime desse percentual \u00e9 confisco. Portanto, a meu ver, esse ponto \u00e9 inconstitucional&#8221;, afirmou Guilherme Feliciano, presidente da Associa\u00e7\u00e3o Nacional dos Magistrados da Justi\u00e7a do Trabalho (Anamatra)<\/em><\/p>\n<p>Veja o bate papo com Guilherme Feliciano e Luiz Antonio Colussi, diretor de Assuntos Jur\u00eddicos da Anamatra:<\/p>\n<p>https:\/\/www.facebook.com\/correiobraziliense\/videos\/1494494350683814\/<\/p>\n","protected":false},"excerpt":{"rendered":"<p>O texto da reforma da Previd\u00eancia (PEC 6\/2019) prejudica grande parte dos servidores &#8211; ativos e aposentados &#8211; e tem pontos considerados inconstitucionais. Entre eles a eleva\u00e7\u00e3o da al\u00edquota da contribui\u00e7\u00e3o previdenci\u00e1ria para cerca de 19% dos sal\u00e1rios do funcionalismo. &#8220;Se somarmos esse percentual \u00e0 al\u00edquota do Imposto de Renda (que vai a 27,5%), o total dos descontos chegar\u00e1 a [&hellip;]<\/p>\n","protected":false},"author":27,"featured_media":0,"comment_status":"open","ping_status":"closed","sticky":false,"template":"","format":"standard","meta":{"footnotes":""},"categories":[2719],"tags":[4414,3690,685,355,344,697,9727,58],"class_list":["post-12004","post","type-post","status-publish","format-standard","hentry","category-servidor","tag-aliquota","tag-desconto","tag-fgts","tag-imposto-de-renda","tag-juizes","tag-justica-do-trabalho","tag-reforma-da-previdencia","tag-servidores"],"_links":{"self":[{"href":"https:\/\/blogs.correiobraziliense.com.br\/servidor\/wp-json\/wp\/v2\/posts\/12004","targetHints":{"allow":["GET"]}}],"collection":[{"href":"https:\/\/blogs.correiobraziliense.com.br\/servidor\/wp-json\/wp\/v2\/posts"}],"about":[{"href":"https:\/\/blogs.correiobraziliense.com.br\/servidor\/wp-json\/wp\/v2\/types\/post"}],"author":[{"embeddable":true,"href":"https:\/\/blogs.correiobraziliense.com.br\/servidor\/wp-json\/wp\/v2\/users\/27"}],"replies":[{"embeddable":true,"href":"https:\/\/blogs.correiobraziliense.com.br\/servidor\/wp-json\/wp\/v2\/comments?post=12004"}],"version-history":[{"count":1,"href":"https:\/\/blogs.correiobraziliense.com.br\/servidor\/wp-json\/wp\/v2\/posts\/12004\/revisions"}],"predecessor-version":[{"id":12005,"href":"https:\/\/blogs.correiobraziliense.com.br\/servidor\/wp-json\/wp\/v2\/posts\/12004\/revisions\/12005"}],"wp:attachment":[{"href":"https:\/\/blogs.correiobraziliense.com.br\/servidor\/wp-json\/wp\/v2\/media?parent=12004"}],"wp:term":[{"taxonomy":"category","embeddable":true,"href":"https:\/\/blogs.correiobraziliense.com.br\/servidor\/wp-json\/wp\/v2\/categories?post=12004"},{"taxonomy":"post_tag","embeddable":true,"href":"https:\/\/blogs.correiobraziliense.com.br\/servidor\/wp-json\/wp\/v2\/tags?post=12004"}],"curies":[{"name":"wp","href":"https:\/\/api.w.org\/{rel}","templated":true}]}}