{"id":12002,"date":"2019-02-21T22:00:40","date_gmt":"2019-02-22T01:00:40","guid":{"rendered":"https:\/\/blogs.correiobraziliense.com.br\/servidor\/?p=12002"},"modified":"2019-02-21T19:24:45","modified_gmt":"2019-02-21T22:24:45","slug":"mpt-convoca-audiencia-para-apurar-demissao-em-massa-na-valec","status":"publish","type":"post","link":"https:\/\/blogs.correiobraziliense.com.br\/servidor\/mpt-convoca-audiencia-para-apurar-demissao-em-massa-na-valec\/","title":{"rendered":"MPT convoca audi\u00eancia para apurar demiss\u00e3o em massa na Valec"},"content":{"rendered":"<p><em>Nesta sexta-feira (22), \u00e0s 14h30, haver\u00e1 audi\u00eancia no Minist\u00e9rio P\u00fablico do Trabalho (MPT) com o objetivo apurar irregularidades na extin\u00e7\u00e3o da Valec, empresa p\u00fablica respons\u00e1vel pelas ferrovias no Brasil, e a demiss\u00e3o de seus empregados<\/em><\/p>\n<p>A audi\u00eancia foi convocada pela procuradora Ana Cristina Tostes Ribeiro e ter\u00e1 como representantes dos empregados da estatal a Associa\u00e7\u00e3o dos Empregados P\u00fablicos da Valec (AEPValec). O presidente da Ordem dos Advogados do Brasil &#8211; Sec\u00e7\u00e3o do Distrito Federal (OAB-DF), D\u00e9lio Lins, tamb\u00e9m confirmou presen\u00e7a. Se a investiga\u00e7\u00e3o for aceita pelo MPT, um inqu\u00e9rito civil p\u00fablico pode ser aberto.<\/p>\n<p>Recentemente, o ministro da Infraestrutura, Tarc\u00edsio Gomes Freitas, prometeu participar de uma reuni\u00e3o, no in\u00edcio do m\u00eas de mar\u00e7o, para que o rumo da estatal seja definido. Atualmente, 380 empregados concursados atuam na empresa e todos eles est\u00e3o sob risco de perder seus cargos. No total, a Valec tem cerca de 712 empregados efetivos, somando-se concursados e comissionados.<\/p>\n<p><em>Expertise<\/em><\/p>\n<p>Os servidores concursados da Valec det\u00e9m expertise em rela\u00e7\u00e3o a projetos, constru\u00e7\u00e3o e manuten\u00e7\u00e3o de ferrovias no Brasil, sendo fundamentais para o funcionamento do setor. A Valec constr\u00f3i e opera ferrovias no pa\u00eds, como a Ferrovia Norte-Sul (FNS) e a Ferrovia de Integra\u00e7\u00e3o Oeste-Leste (Fiol). Apesar de existir desde a d\u00e9cada de 1980, o primeiro e \u00fanico concurso p\u00fablico da estatal foi realizado em 2012, ap\u00f3s Termo de Ajuste de Conduta com o MPT, que questionou o fato de a m\u00e3o de obra da empresa ser, at\u00e9 ent\u00e3o, composta principalmente por comissionados e terceirizados.<\/p>\n<p><strong>Temor<\/strong><\/p>\n<p>As not\u00edcias sobre a amea\u00e7a de demiss\u00e3o t\u00eam apavorado os empregados que atuam na estatal, dentre concursados, empregados antigos e oriundos da Rede Ferrovi\u00e1ria Federal (RFFSA) e do Grupo Executivo de Integra\u00e7\u00e3o da Pol\u00edtica de Transporte (Geipot), \u00f3rg\u00e3os j\u00e1 extintos cujos profissionais foram absorvidos pela Valec. N\u00e3o houve, por\u00e9m, at\u00e9 o momento, qualquer comunica\u00e7\u00e3o oficial sobre uma demiss\u00e3o em massa.<\/p>\n","protected":false},"excerpt":{"rendered":"<p>Nesta sexta-feira (22), \u00e0s 14h30, haver\u00e1 audi\u00eancia no Minist\u00e9rio P\u00fablico do Trabalho (MPT) com o objetivo apurar irregularidades na extin\u00e7\u00e3o da Valec, empresa p\u00fablica respons\u00e1vel pelas ferrovias no Brasil, e a demiss\u00e3o de seus empregados A audi\u00eancia foi convocada pela procuradora Ana Cristina Tostes Ribeiro e ter\u00e1 como representantes dos empregados da estatal a Associa\u00e7\u00e3o dos Empregados P\u00fablicos da Valec [&hellip;]<\/p>\n","protected":false},"author":27,"featured_media":0,"comment_status":"open","ping_status":"closed","sticky":false,"template":"","format":"standard","meta":{"footnotes":""},"categories":[2719],"tags":[14774,192,644,1147,1017,891,2523,6838,487,4413,722,353,2864,3474,9107,14773],"class_list":["post-12002","post","type-post","status-publish","format-standard","hentry","category-servidor","tag-aepvalec","tag-audiencia","tag-comissionados","tag-concursados","tag-demissao","tag-empregados","tag-estatal","tag-ferrovias","tag-infraestrutura","tag-inquerito","tag-investigacao","tag-irregularidades","tag-massa","tag-mpt","tag-oab-df","tag-valec"],"_links":{"self":[{"href":"https:\/\/blogs.correiobraziliense.com.br\/servidor\/wp-json\/wp\/v2\/posts\/12002","targetHints":{"allow":["GET"]}}],"collection":[{"href":"https:\/\/blogs.correiobraziliense.com.br\/servidor\/wp-json\/wp\/v2\/posts"}],"about":[{"href":"https:\/\/blogs.correiobraziliense.com.br\/servidor\/wp-json\/wp\/v2\/types\/post"}],"author":[{"embeddable":true,"href":"https:\/\/blogs.correiobraziliense.com.br\/servidor\/wp-json\/wp\/v2\/users\/27"}],"replies":[{"embeddable":true,"href":"https:\/\/blogs.correiobraziliense.com.br\/servidor\/wp-json\/wp\/v2\/comments?post=12002"}],"version-history":[{"count":1,"href":"https:\/\/blogs.correiobraziliense.com.br\/servidor\/wp-json\/wp\/v2\/posts\/12002\/revisions"}],"predecessor-version":[{"id":12003,"href":"https:\/\/blogs.correiobraziliense.com.br\/servidor\/wp-json\/wp\/v2\/posts\/12002\/revisions\/12003"}],"wp:attachment":[{"href":"https:\/\/blogs.correiobraziliense.com.br\/servidor\/wp-json\/wp\/v2\/media?parent=12002"}],"wp:term":[{"taxonomy":"category","embeddable":true,"href":"https:\/\/blogs.correiobraziliense.com.br\/servidor\/wp-json\/wp\/v2\/categories?post=12002"},{"taxonomy":"post_tag","embeddable":true,"href":"https:\/\/blogs.correiobraziliense.com.br\/servidor\/wp-json\/wp\/v2\/tags?post=12002"}],"curies":[{"name":"wp","href":"https:\/\/api.w.org\/{rel}","templated":true}]}}