{"id":12000,"date":"2019-02-21T19:04:41","date_gmt":"2019-02-21T22:04:41","guid":{"rendered":"https:\/\/blogs.correiobraziliense.com.br\/servidor\/?p=12000"},"modified":"2019-02-21T19:04:41","modified_gmt":"2019-02-21T22:04:41","slug":"nova-previdencia-e-fundamental-para-retomada-do-crescimento-avalia-cndl","status":"publish","type":"post","link":"https:\/\/blogs.correiobraziliense.com.br\/servidor\/nova-previdencia-e-fundamental-para-retomada-do-crescimento-avalia-cndl\/","title":{"rendered":"Nova Previd\u00eancia \u00e9 fundamental para retomada do crescimento, avalia CNDL"},"content":{"rendered":"<p>A Confedera\u00e7\u00e3o Nacional de Dirigentes Lojistas (CNDL), principal entidade representativa do setor varejista nacional, vem a p\u00fablico manifestar apoio \u00e0 proposta da Nova Previd\u00eancia, apresentada ao Congresso Nacional ontem (20). A CNDL administra o Servi\u00e7o de Prote\u00e7\u00e3o ao Cr\u00e9dito (SPC Brasil) e tem como miss\u00e3o a defesa e o fortalecimento da livre iniciativa. Atua institucionalmente em nome de 500 mil empresas, que juntas representam mais de 5% do PIB brasileiro, geram 4,6 milh\u00f5es de empregos e faturam R$ 340 bilh\u00f5es por ano.<\/p>\n<p>\u201cEntendemos que os principais pontos do projeto respondem aos anseios de toda a sociedade brasileira\u201d, avalia Jos\u00e9 C\u00e9sar da Costa, presidente da CNDL.<\/p>\n<p>O atual sistema previdenci\u00e1rio \u00e9 comprovadamente injusto, desigual e insustent\u00e1vel, resultando em um rombo aos cofres p\u00fablico que j\u00e1 supera os R$ 290 bilh\u00f5es. Com as novas regras ser\u00e1 poss\u00edvel obter uma economia de, pelo menos, R$ 1 trilh\u00e3o com ganhos fiscais ao longo dos pr\u00f3ximos dez anos.<\/p>\n<p>Um dos destaques do projeto \u00e9 o tratamento mais igualit\u00e1rio para trabalhadores dos setores p\u00fablico e privado, incluindo as demais carreiras que dever\u00e3o seguir as mesmas regras. Outro ponto positivo \u00e9 a uma contribui\u00e7\u00e3o mais justa e proporcional aos rendimentos, elevando a contribui\u00e7\u00e3o daqueles que ganham sal\u00e1rios mais altos.<\/p>\n<p>Apoiamos que o projeto seja discutido com seriedade e transpar\u00eancia pelos parlamentares. Acreditamos que a Nova Previd\u00eancia \u00e9 o caminho certo para retomar a confian\u00e7a, aumentar os investimentos e retomar o crescimento econ\u00f4mico, de forma sustent\u00e1vel, para todo o pa\u00eds.<\/p>\n","protected":false},"excerpt":{"rendered":"<p>A Confedera\u00e7\u00e3o Nacional de Dirigentes Lojistas (CNDL), principal entidade representativa do setor varejista nacional, vem a p\u00fablico manifestar apoio \u00e0 proposta da Nova Previd\u00eancia, apresentada ao Congresso Nacional ontem (20). A CNDL administra o Servi\u00e7o de Prote\u00e7\u00e3o ao Cr\u00e9dito (SPC Brasil) e tem como miss\u00e3o a defesa e o fortalecimento da livre iniciativa. Atua institucionalmente em nome de 500 mil [&hellip;]<\/p>\n","protected":false},"author":27,"featured_media":0,"comment_status":"open","ping_status":"closed","sticky":false,"template":"","format":"standard","meta":{"footnotes":""},"categories":[2719],"tags":[2339,693,795,2603,390,14772,1804,549,962,54,241,592,961,2338,19],"class_list":["post-12000","post","type-post","status-publish","format-standard","hentry","category-servidor","tag-cndl","tag-congresso-nacional","tag-crescimento","tag-empregos","tag-empresas","tag-livre-iniciativa","tag-pib","tag-previdencia","tag-privado","tag-proposta","tag-publico","tag-rombo","tag-sistema","tag-spc-brasil","tag-trabalhadores"],"_links":{"self":[{"href":"https:\/\/blogs.correiobraziliense.com.br\/servidor\/wp-json\/wp\/v2\/posts\/12000","targetHints":{"allow":["GET"]}}],"collection":[{"href":"https:\/\/blogs.correiobraziliense.com.br\/servidor\/wp-json\/wp\/v2\/posts"}],"about":[{"href":"https:\/\/blogs.correiobraziliense.com.br\/servidor\/wp-json\/wp\/v2\/types\/post"}],"author":[{"embeddable":true,"href":"https:\/\/blogs.correiobraziliense.com.br\/servidor\/wp-json\/wp\/v2\/users\/27"}],"replies":[{"embeddable":true,"href":"https:\/\/blogs.correiobraziliense.com.br\/servidor\/wp-json\/wp\/v2\/comments?post=12000"}],"version-history":[{"count":1,"href":"https:\/\/blogs.correiobraziliense.com.br\/servidor\/wp-json\/wp\/v2\/posts\/12000\/revisions"}],"predecessor-version":[{"id":12001,"href":"https:\/\/blogs.correiobraziliense.com.br\/servidor\/wp-json\/wp\/v2\/posts\/12000\/revisions\/12001"}],"wp:attachment":[{"href":"https:\/\/blogs.correiobraziliense.com.br\/servidor\/wp-json\/wp\/v2\/media?parent=12000"}],"wp:term":[{"taxonomy":"category","embeddable":true,"href":"https:\/\/blogs.correiobraziliense.com.br\/servidor\/wp-json\/wp\/v2\/categories?post=12000"},{"taxonomy":"post_tag","embeddable":true,"href":"https:\/\/blogs.correiobraziliense.com.br\/servidor\/wp-json\/wp\/v2\/tags?post=12000"}],"curies":[{"name":"wp","href":"https:\/\/api.w.org\/{rel}","templated":true}]}}