{"id":11997,"date":"2019-02-21T18:42:09","date_gmt":"2019-02-21T21:42:09","guid":{"rendered":"https:\/\/blogs.correiobraziliense.com.br\/servidor\/?p=11997"},"modified":"2019-02-21T18:44:45","modified_gmt":"2019-02-21T21:44:45","slug":"presidente-da-anamatra-fala-ao-vivo-sobre-reforma-da-previdencia","status":"publish","type":"post","link":"https:\/\/blogs.correiobraziliense.com.br\/servidor\/presidente-da-anamatra-fala-ao-vivo-sobre-reforma-da-previdencia\/","title":{"rendered":"Presidente da Anamatra fala ao vivo sobre reforma da Previd\u00eancia"},"content":{"rendered":"<p><em>A partir das 19 horas, o juiz Guilherme Feliciano, presidente da Associa\u00e7\u00e3o Nacional dos Magistrados da Justi\u00e7a do Trabalho (Anamatra) e coordenador da Frente Associativa da Magistratura e do Minist\u00e9rio P\u00fablico (Frentas), debate pela p\u00e1gina do <a href=\"https:\/\/www.facebook.com\/correiobraziliense\/\">Facebook do Correio Braziliense<\/a> itens da Proposta de Emenda \u00e0 Constitui\u00e7\u00e3o (PEC 06\/2019) apresentada ontem ao Congresso pelo Poder Executivo<\/em><\/p>\n<p>O magistrado detalhar\u00e1 os impactos do documento para o servidor e para a popula\u00e7\u00e3o em geral. Explicar\u00e1 tamb\u00e9m como tende a ser a atua\u00e7\u00e3o da Justi\u00e7a do Trabalho em rela\u00e7\u00e3o a esse novo sistema e qual ser\u00e1 a estrat\u00e9gia do funcionalismo no Congresso Nacional para barrar itens &#8211; ou pontos fr\u00e1geis &#8211; eventualmente prejudiciais aos empregados no pa\u00eds. Que emendas as carreiras de Estado do Executivo, Legislativo e Judici\u00e1rio pretendem apresentar t\u00e3o logo analisem o inteiro teor.<\/p>\n","protected":false},"excerpt":{"rendered":"<p>A partir das 19 horas, o juiz Guilherme Feliciano, presidente da Associa\u00e7\u00e3o Nacional dos Magistrados da Justi\u00e7a do Trabalho (Anamatra) e coordenador da Frente Associativa da Magistratura e do Minist\u00e9rio P\u00fablico (Frentas), debate pela p\u00e1gina do Facebook do Correio Braziliense itens da Proposta de Emenda \u00e0 Constitui\u00e7\u00e3o (PEC 06\/2019) apresentada ontem ao Congresso pelo Poder Executivo O magistrado detalhar\u00e1 os [&hellip;]<\/p>\n","protected":false},"author":27,"featured_media":0,"comment_status":"open","ping_status":"closed","sticky":false,"template":"","format":"standard","meta":{"footnotes":""},"categories":[2719],"tags":[1408,693,4353,2134,3564,4523,697,14771,545,81,9727,8],"class_list":["post-11997","post","type-post","status-publish","format-standard","hentry","category-servidor","tag-anamatra","tag-congresso-nacional","tag-coordenador","tag-estrategia","tag-frentas","tag-impactos","tag-justica-do-trabalho","tag-pec-06-2019","tag-populacao","tag-presidente","tag-reforma-da-previdencia","tag-servidor"],"_links":{"self":[{"href":"https:\/\/blogs.correiobraziliense.com.br\/servidor\/wp-json\/wp\/v2\/posts\/11997","targetHints":{"allow":["GET"]}}],"collection":[{"href":"https:\/\/blogs.correiobraziliense.com.br\/servidor\/wp-json\/wp\/v2\/posts"}],"about":[{"href":"https:\/\/blogs.correiobraziliense.com.br\/servidor\/wp-json\/wp\/v2\/types\/post"}],"author":[{"embeddable":true,"href":"https:\/\/blogs.correiobraziliense.com.br\/servidor\/wp-json\/wp\/v2\/users\/27"}],"replies":[{"embeddable":true,"href":"https:\/\/blogs.correiobraziliense.com.br\/servidor\/wp-json\/wp\/v2\/comments?post=11997"}],"version-history":[{"count":2,"href":"https:\/\/blogs.correiobraziliense.com.br\/servidor\/wp-json\/wp\/v2\/posts\/11997\/revisions"}],"predecessor-version":[{"id":11999,"href":"https:\/\/blogs.correiobraziliense.com.br\/servidor\/wp-json\/wp\/v2\/posts\/11997\/revisions\/11999"}],"wp:attachment":[{"href":"https:\/\/blogs.correiobraziliense.com.br\/servidor\/wp-json\/wp\/v2\/media?parent=11997"}],"wp:term":[{"taxonomy":"category","embeddable":true,"href":"https:\/\/blogs.correiobraziliense.com.br\/servidor\/wp-json\/wp\/v2\/categories?post=11997"},{"taxonomy":"post_tag","embeddable":true,"href":"https:\/\/blogs.correiobraziliense.com.br\/servidor\/wp-json\/wp\/v2\/tags?post=11997"}],"curies":[{"name":"wp","href":"https:\/\/api.w.org\/{rel}","templated":true}]}}