{"id":11995,"date":"2019-02-21T17:52:55","date_gmt":"2019-02-21T20:52:55","guid":{"rendered":"https:\/\/blogs.correiobraziliense.com.br\/servidor\/?p=11995"},"modified":"2019-02-21T17:52:55","modified_gmt":"2019-02-21T20:52:55","slug":"frente-parlamentar-mista-em-defesa-do-servico-publico","status":"publish","type":"post","link":"https:\/\/blogs.correiobraziliense.com.br\/servidor\/frente-parlamentar-mista-em-defesa-do-servico-publico\/","title":{"rendered":"Frente Parlamentar Mista em Defesa do Servi\u00e7o P\u00fablico"},"content":{"rendered":"<p><em>Foi apresentado, hoje, o REQ 549\/2019 de autoria do deputado Professor Israel Batista (PV\/DF), que requer a cria\u00e7\u00e3o da Frente Parlamentar Mista em Defesa do Servi\u00e7o P\u00fablico<\/em><\/p>\n<p>Jorge R. Mizael, cientista pol\u00edtico e diretor da Metapol\u00edtica, um dos apoiadores, contou que a Frente unir\u00e1 em torno de 220 deputados e senadores e propor\u00e1 um calend\u00e1rio de atua\u00e7\u00e3o com eventos, audi\u00eancias p\u00fablicas e semin\u00e1rios. &#8220;Tamb\u00e9m solicitar\u00e1 estudos \u00e0 consultoria da Casa sobre os principais pontos da pauta priorit\u00e1ria dos servidores p\u00fablicos: negocia\u00e7\u00e3o coletiva, direito de greve, ass\u00e9dio moral na administra\u00e7\u00e3o p\u00fablica e, claro, Previd\u00eancia dos servidores&#8221;, destacou Mizael.<\/p>\n<p>Na justificativa, o deputado apontou que, em fun\u00e7\u00e3o das in\u00fameras propostas de mudan\u00e7a nas legisla\u00e7\u00f5es que dizem respeito diretamente ao conjunto de servidores e ao servi\u00e7o p\u00fablico no Brasil, \u00e9 necess\u00e1rio e urgente um debate continuo sobre o papel do servi\u00e7o p\u00fablico. &#8220;Tamb\u00e9m \u00e9 fundamental trazer \u00e0 discuss\u00e3o iniciativas que podem configurar em patente amea\u00e7a aos direitos e garantias de milh\u00f5es de servidores e servidoras&#8221;, argumentou.<\/p>\n<p>De acordo com o estatuto, a Frente Parlamentar Mista em Defesa do Servi\u00e7o P\u00fablico ter\u00e1 como finalidades:<\/p>\n<p>\u201cI \u2013 Promover debates, simp\u00f3sios, semin\u00e1rios e outros eventos pertinentes ao exame da pol\u00edtica de desenvolvimento do servi\u00e7o p\u00fablico;<br \/>\nII \u2013 Promover o interc\u00e2mbio com institui\u00e7\u00f5es semelhantes e parlamentos de outros pa\u00edses, visando o aperfei\u00e7oamento rec\u00edproco dos respectivos servi\u00e7os p\u00fablicos;<br \/>\nIII \u2013 Procurar, de modo cont\u00ednuo, o aperfei\u00e7oamento da legisla\u00e7\u00e3o referente ao servi\u00e7o p\u00fablico, influindo no processo legislativo a partir das comiss\u00f5es tem\u00e1ticas nas duas Casas do Congresso Nacional; e,<br \/>\nIV \u2013 Conhecer e auxiliar na divulga\u00e7\u00e3o de novos m\u00e9todos e processos que fomentem a efici\u00eancia do servi\u00e7o p\u00fablico.\u201d<\/p>\n<p>&nbsp;<\/p>\n","protected":false},"excerpt":{"rendered":"<p>Foi apresentado, hoje, o REQ 549\/2019 de autoria do deputado Professor Israel Batista (PV\/DF), que requer a cria\u00e7\u00e3o da Frente Parlamentar Mista em Defesa do Servi\u00e7o P\u00fablico Jorge R. Mizael, cientista pol\u00edtico e diretor da Metapol\u00edtica, um dos apoiadores, contou que a Frente unir\u00e1 em torno de 220 deputados e senadores e propor\u00e1 um calend\u00e1rio de atua\u00e7\u00e3o com eventos, audi\u00eancias [&hellip;]<\/p>\n","protected":false},"author":27,"featured_media":0,"comment_status":"open","ping_status":"closed","sticky":false,"template":"","format":"standard","meta":{"footnotes":""},"categories":[2719],"tags":[915,3418,1828,1841,14770,14768,10047,17,549,14769],"class_list":["post-11995","post","type-post","status-publish","format-standard","hentry","category-servidor","tag-assedio-moral","tag-audiencias","tag-calendario","tag-consultoria","tag-direito-de-greve","tag-frente-parlamentar-mista-em-defesa-do-servico-publico","tag-negociacao-coletiva","tag-pauta","tag-previdencia","tag-req-549-2019"],"_links":{"self":[{"href":"https:\/\/blogs.correiobraziliense.com.br\/servidor\/wp-json\/wp\/v2\/posts\/11995","targetHints":{"allow":["GET"]}}],"collection":[{"href":"https:\/\/blogs.correiobraziliense.com.br\/servidor\/wp-json\/wp\/v2\/posts"}],"about":[{"href":"https:\/\/blogs.correiobraziliense.com.br\/servidor\/wp-json\/wp\/v2\/types\/post"}],"author":[{"embeddable":true,"href":"https:\/\/blogs.correiobraziliense.com.br\/servidor\/wp-json\/wp\/v2\/users\/27"}],"replies":[{"embeddable":true,"href":"https:\/\/blogs.correiobraziliense.com.br\/servidor\/wp-json\/wp\/v2\/comments?post=11995"}],"version-history":[{"count":1,"href":"https:\/\/blogs.correiobraziliense.com.br\/servidor\/wp-json\/wp\/v2\/posts\/11995\/revisions"}],"predecessor-version":[{"id":11996,"href":"https:\/\/blogs.correiobraziliense.com.br\/servidor\/wp-json\/wp\/v2\/posts\/11995\/revisions\/11996"}],"wp:attachment":[{"href":"https:\/\/blogs.correiobraziliense.com.br\/servidor\/wp-json\/wp\/v2\/media?parent=11995"}],"wp:term":[{"taxonomy":"category","embeddable":true,"href":"https:\/\/blogs.correiobraziliense.com.br\/servidor\/wp-json\/wp\/v2\/categories?post=11995"},{"taxonomy":"post_tag","embeddable":true,"href":"https:\/\/blogs.correiobraziliense.com.br\/servidor\/wp-json\/wp\/v2\/tags?post=11995"}],"curies":[{"name":"wp","href":"https:\/\/api.w.org\/{rel}","templated":true}]}}