{"id":11978,"date":"2019-02-20T20:54:44","date_gmt":"2019-02-20T23:54:44","guid":{"rendered":"https:\/\/blogs.correiobraziliense.com.br\/servidor\/?p=11978"},"modified":"2019-02-20T20:54:44","modified_gmt":"2019-02-20T23:54:44","slug":"policiais-que-votaram-em-massa-em-bolsonaro-estao-decepcionados","status":"publish","type":"post","link":"https:\/\/blogs.correiobraziliense.com.br\/servidor\/policiais-que-votaram-em-massa-em-bolsonaro-estao-decepcionados\/","title":{"rendered":"Policiais, que votaram em massa em Bolsonaro, est\u00e3o decepcionados"},"content":{"rendered":"<p>Veja a nota da Uni\u00e3o dos Policiais do Brasil (UPB) contra a reforma da Previd\u00eancia<\/p>\n<p><img loading=\"lazy\" decoding=\"async\" class=\"size-large wp-image-11979 aligncenter\" src=\"https:\/\/blogs.correiobraziliense.com.br\/servidor\/wp-content\/uploads\/sites\/10\/2019\/02\/federais-721x1024.jpg\" alt=\"\" width=\"721\" height=\"1024\" srcset=\"https:\/\/blogs.correiobraziliense.com.br\/servidor\/wp-content\/uploads\/sites\/10\/2019\/02\/federais-721x1024.jpg 721w, https:\/\/blogs.correiobraziliense.com.br\/servidor\/wp-content\/uploads\/sites\/10\/2019\/02\/federais-211x300.jpg 211w, https:\/\/blogs.correiobraziliense.com.br\/servidor\/wp-content\/uploads\/sites\/10\/2019\/02\/federais-768x1091.jpg 768w, https:\/\/blogs.correiobraziliense.com.br\/servidor\/wp-content\/uploads\/sites\/10\/2019\/02\/federais-246x350.jpg 246w, https:\/\/blogs.correiobraziliense.com.br\/servidor\/wp-content\/uploads\/sites\/10\/2019\/02\/federais-550x781.jpg 550w, https:\/\/blogs.correiobraziliense.com.br\/servidor\/wp-content\/uploads\/sites\/10\/2019\/02\/federais-230x327.jpg 230w, https:\/\/blogs.correiobraziliense.com.br\/servidor\/wp-content\/uploads\/sites\/10\/2019\/02\/federais.jpg 880w\" sizes=\"auto, (max-width: 721px) 100vw, 721px\" \/><\/p>\n","protected":false},"excerpt":{"rendered":"<p>Veja a nota da Uni\u00e3o dos Policiais do Brasil (UPB) contra a reforma da Previd\u00eancia<\/p>\n","protected":false},"author":27,"featured_media":0,"comment_status":"open","ping_status":"closed","sticky":false,"template":"","format":"standard","meta":{"footnotes":""},"categories":[2719],"tags":[693,1425,1522,1401,13649,110,54,9727,208,2184,1322,4814],"class_list":["post-11978","post","type-post","status-publish","format-standard","hentry","category-servidor","tag-congresso-nacional","tag-conteudo","tag-governo-federal","tag-indignacao","tag-jair-bolsonaro","tag-policiais","tag-proposta","tag-reforma-da-previdencia","tag-seguranca","tag-surpresa","tag-texto","tag-upb"],"_links":{"self":[{"href":"https:\/\/blogs.correiobraziliense.com.br\/servidor\/wp-json\/wp\/v2\/posts\/11978","targetHints":{"allow":["GET"]}}],"collection":[{"href":"https:\/\/blogs.correiobraziliense.com.br\/servidor\/wp-json\/wp\/v2\/posts"}],"about":[{"href":"https:\/\/blogs.correiobraziliense.com.br\/servidor\/wp-json\/wp\/v2\/types\/post"}],"author":[{"embeddable":true,"href":"https:\/\/blogs.correiobraziliense.com.br\/servidor\/wp-json\/wp\/v2\/users\/27"}],"replies":[{"embeddable":true,"href":"https:\/\/blogs.correiobraziliense.com.br\/servidor\/wp-json\/wp\/v2\/comments?post=11978"}],"version-history":[{"count":1,"href":"https:\/\/blogs.correiobraziliense.com.br\/servidor\/wp-json\/wp\/v2\/posts\/11978\/revisions"}],"predecessor-version":[{"id":11980,"href":"https:\/\/blogs.correiobraziliense.com.br\/servidor\/wp-json\/wp\/v2\/posts\/11978\/revisions\/11980"}],"wp:attachment":[{"href":"https:\/\/blogs.correiobraziliense.com.br\/servidor\/wp-json\/wp\/v2\/media?parent=11978"}],"wp:term":[{"taxonomy":"category","embeddable":true,"href":"https:\/\/blogs.correiobraziliense.com.br\/servidor\/wp-json\/wp\/v2\/categories?post=11978"},{"taxonomy":"post_tag","embeddable":true,"href":"https:\/\/blogs.correiobraziliense.com.br\/servidor\/wp-json\/wp\/v2\/tags?post=11978"}],"curies":[{"name":"wp","href":"https:\/\/api.w.org\/{rel}","templated":true}]}}