{"id":11976,"date":"2019-02-20T20:47:47","date_gmt":"2019-02-20T23:47:47","guid":{"rendered":"https:\/\/blogs.correiobraziliense.com.br\/servidor\/?p=11976"},"modified":"2019-02-20T20:47:47","modified_gmt":"2019-02-20T23:47:47","slug":"desafio-brasil-busca-solucoes-inovadoras-para-modernizar-gestao-publica","status":"publish","type":"post","link":"https:\/\/blogs.correiobraziliense.com.br\/servidor\/desafio-brasil-busca-solucoes-inovadoras-para-modernizar-gestao-publica\/","title":{"rendered":"Desafio + Brasil busca solu\u00e7\u00f5es inovadoras para modernizar gest\u00e3o p\u00fablica"},"content":{"rendered":"<p><em>Abertura do evento ser\u00e1 \u00e0s 9 horas desta quinta-feira na sede da Confedera\u00e7\u00e3o Nacional dos Munic\u00edpios em Bras\u00edlia<\/em><\/p>\n<p>Durante os dias 21 e 22 de fevereiro, profissionais da \u00e1rea de tecnologia da informa\u00e7\u00e3o, estudantes, servidores p\u00fablicos e geeks (f\u00e3s de tecnologia, eletr\u00f4nica, etc) de todo o Brasil estar\u00e3o reunidos no \u201cDesafio + Bras\u200bil\u201d \u2013 para pensar em solu\u00e7\u00f5es inovadoras de sistemas, processos, comunica\u00e7\u00e3o ou regras de neg\u00f3cios que possam ser aplicadas no setor p\u00fablico, informou o Minist\u00e9rio da Economia.<\/p>\n<p>Um dos destaques do evento \u00e9 a realiza\u00e7\u00e3o de uma maratona de 19 horas ininterruptas (hackaton), em que os participantes estar\u00e3o pensando em iniciativas inovadoras que sejam utilizadas no aperfei\u00e7oamento de pol\u00edticas p\u00fablicas, principalmente nas \u00e1reas de transfer\u00eancia de recursos, entrega de obras, bens e servi\u00e7os \u00e0 sociedade. As melhores iniciativas ser\u00e3o premiadas ao final do evento.<\/p>\n<p>A iniciativa \u00e9 do Minist\u00e9rio da Economia, em parceria com a Confedera\u00e7\u00e3o Nacional de Munic\u00edpios (CNM) e apoio da Escola Nacional de Administra\u00e7\u00e3o P\u00fablica (Enap), do Minist\u00e9rio da Justi\u00e7a e da Controladoria-Geral da Uni\u00e3o (CGU).<\/p>\n<p>Servi\u00e7o:<\/p>\n<p>DESAFIO + BRASIL<\/p>\n<p>Data: 21\/02\/2019 (quinta-feira)<\/p>\n<p>Hor\u00e1rio de abertura: 9 horas<\/p>\n<p>Local: Confedera\u00e7\u00e3o Nacional dos Munic\u00edpios, Setor de Grandes \u00c1reas Norte, Quadra 601, M\u00f3dulo N, Bras\u00edlia (DF), CEP: 70830-010 \u2013 Bras\u00edlia-DF.<\/p>\n<p>Programa\u00e7\u00e3o <a href=\"https:\/\/webmail.fazenda.gov.br\/owa\/redir.aspx?C=1Rib-k95aYU-O54ABOi72t-akuXvSrVdEYAVdG7Sils7DsGfcpfWCA..&amp;URL=https%3a%2f%2fwww.cnm.org.br%2findex.php%2finforme%2fexibe%2fdesafio-brasil\" target=\"_blank\" rel=\"noopener noreferrer\">aqui<\/a><\/p>\n","protected":false},"excerpt":{"rendered":"<p>Abertura do evento ser\u00e1 \u00e0s 9 horas desta quinta-feira na sede da Confedera\u00e7\u00e3o Nacional dos Munic\u00edpios em Bras\u00edlia Durante os dias 21 e 22 de fevereiro, profissionais da \u00e1rea de tecnologia da informa\u00e7\u00e3o, estudantes, servidores p\u00fablicos e geeks (f\u00e3s de tecnologia, eletr\u00f4nica, etc) de todo o Brasil estar\u00e3o reunidos no \u201cDesafio + Bras\u200bil\u201d \u2013 para pensar em solu\u00e7\u00f5es inovadoras de [&hellip;]<\/p>\n","protected":false},"author":27,"featured_media":0,"comment_status":"open","ping_status":"closed","sticky":false,"template":"","format":"standard","meta":{"footnotes":""},"categories":[2719],"tags":[14759,6289,1163,1358,14287,7395,1075,8946,1360,4504],"class_list":["post-11976","post","type-post","status-publish","format-standard","hentry","category-servidor","tag-desafio-brasil","tag-eletronica","tag-estudantes","tag-gestao-publica","tag-inovadoras","tag-modernizar","tag-profissionais","tag-servidoes","tag-solucoes","tag-tecnologia"],"_links":{"self":[{"href":"https:\/\/blogs.correiobraziliense.com.br\/servidor\/wp-json\/wp\/v2\/posts\/11976","targetHints":{"allow":["GET"]}}],"collection":[{"href":"https:\/\/blogs.correiobraziliense.com.br\/servidor\/wp-json\/wp\/v2\/posts"}],"about":[{"href":"https:\/\/blogs.correiobraziliense.com.br\/servidor\/wp-json\/wp\/v2\/types\/post"}],"author":[{"embeddable":true,"href":"https:\/\/blogs.correiobraziliense.com.br\/servidor\/wp-json\/wp\/v2\/users\/27"}],"replies":[{"embeddable":true,"href":"https:\/\/blogs.correiobraziliense.com.br\/servidor\/wp-json\/wp\/v2\/comments?post=11976"}],"version-history":[{"count":1,"href":"https:\/\/blogs.correiobraziliense.com.br\/servidor\/wp-json\/wp\/v2\/posts\/11976\/revisions"}],"predecessor-version":[{"id":11977,"href":"https:\/\/blogs.correiobraziliense.com.br\/servidor\/wp-json\/wp\/v2\/posts\/11976\/revisions\/11977"}],"wp:attachment":[{"href":"https:\/\/blogs.correiobraziliense.com.br\/servidor\/wp-json\/wp\/v2\/media?parent=11976"}],"wp:term":[{"taxonomy":"category","embeddable":true,"href":"https:\/\/blogs.correiobraziliense.com.br\/servidor\/wp-json\/wp\/v2\/categories?post=11976"},{"taxonomy":"post_tag","embeddable":true,"href":"https:\/\/blogs.correiobraziliense.com.br\/servidor\/wp-json\/wp\/v2\/tags?post=11976"}],"curies":[{"name":"wp","href":"https:\/\/api.w.org\/{rel}","templated":true}]}}