{"id":11955,"date":"2019-02-20T13:02:01","date_gmt":"2019-02-20T16:02:01","guid":{"rendered":"https:\/\/blogs.correiobraziliense.com.br\/servidor\/?p=11955"},"modified":"2019-02-20T13:02:01","modified_gmt":"2019-02-20T16:02:01","slug":"nao-ha-incidencia-de-contribuicao-previdenciaria-sobre-o-beneficio-especial","status":"publish","type":"post","link":"https:\/\/blogs.correiobraziliense.com.br\/servidor\/nao-ha-incidencia-de-contribuicao-previdenciaria-sobre-o-beneficio-especial\/","title":{"rendered":"N\u00e3o h\u00e1 incid\u00eancia de contribui\u00e7\u00e3o previdenci\u00e1ria sobre o benef\u00edcio especial"},"content":{"rendered":"<p><em>Vit\u00f3ria da Associa\u00e7\u00e3o Nacional dos Auditores Fiscais da Receita Federal (Unafisco) beneficia todo o funcionalismo p\u00fablico<\/em><\/p>\n<p>De acordo com nota enviada pela Unafisco Nacional, em resposta \u00e0 consulta feita em mar\u00e7o de 2018 \u00e0 Receita Federal, foi publicado no Di\u00e1rio Oficial da Uni\u00e3o de segunda-feira (DOU de 18\/02\/2019, Se\u00e7\u00e3o 1, Pag 34), a Solu\u00e7\u00e3o de Consulta 42\/2019 que concluiu que n\u00e3o incide contribui\u00e7\u00e3o previdenci\u00e1ria sobre o benef\u00edcio especial.<\/p>\n<p>&#8220;A estrat\u00e9gia da Unafisco Nacional em rela\u00e7\u00e3o ao interesse dos auditores que pretendiam migrar do RPPS para o RPC deu certo. A longa jornada envolveu a contrata\u00e7\u00e3o de um parecer de jurista renomado, ex-ministro do STJ, Gilson Dipp, e consulta no MPDG e na RFB. A entidade ainda colaborou, divulgando o parecer do ex-ministro Gilson Dipp, para que a AGU consolidasse entendimento favor\u00e1vel aos interessados quanto \u00e0s futuras altera\u00e7\u00f5es legais&#8221;, destacou a Unafisco<\/p>\n","protected":false},"excerpt":{"rendered":"<p>Vit\u00f3ria da Associa\u00e7\u00e3o Nacional dos Auditores Fiscais da Receita Federal (Unafisco) beneficia todo o funcionalismo p\u00fablico De acordo com nota enviada pela Unafisco Nacional, em resposta \u00e0 consulta feita em mar\u00e7o de 2018 \u00e0 Receita Federal, foi publicado no Di\u00e1rio Oficial da Uni\u00e3o de segunda-feira (DOU de 18\/02\/2019, Se\u00e7\u00e3o 1, Pag 34), a Solu\u00e7\u00e3o de Consulta 42\/2019 que concluiu que [&hellip;]<\/p>\n","protected":false},"author":27,"featured_media":0,"comment_status":"open","ping_status":"closed","sticky":false,"template":"","format":"standard","meta":{"footnotes":""},"categories":[2719],"tags":[157,12886,10029,1769,1164,446,14747,1553,3135,588,58,1040,3823],"class_list":["post-11955","post","type-post","status-publish","format-standard","hentry","category-servidor","tag-agu","tag-beneficio-especial","tag-contribuicao-previdenciaria","tag-dou","tag-funcionalismo","tag-incidencia","tag-mpdg","tag-rfb","tag-rpc","tag-rpps","tag-servidores","tag-stj","tag-unafisco"],"_links":{"self":[{"href":"https:\/\/blogs.correiobraziliense.com.br\/servidor\/wp-json\/wp\/v2\/posts\/11955","targetHints":{"allow":["GET"]}}],"collection":[{"href":"https:\/\/blogs.correiobraziliense.com.br\/servidor\/wp-json\/wp\/v2\/posts"}],"about":[{"href":"https:\/\/blogs.correiobraziliense.com.br\/servidor\/wp-json\/wp\/v2\/types\/post"}],"author":[{"embeddable":true,"href":"https:\/\/blogs.correiobraziliense.com.br\/servidor\/wp-json\/wp\/v2\/users\/27"}],"replies":[{"embeddable":true,"href":"https:\/\/blogs.correiobraziliense.com.br\/servidor\/wp-json\/wp\/v2\/comments?post=11955"}],"version-history":[{"count":1,"href":"https:\/\/blogs.correiobraziliense.com.br\/servidor\/wp-json\/wp\/v2\/posts\/11955\/revisions"}],"predecessor-version":[{"id":11956,"href":"https:\/\/blogs.correiobraziliense.com.br\/servidor\/wp-json\/wp\/v2\/posts\/11955\/revisions\/11956"}],"wp:attachment":[{"href":"https:\/\/blogs.correiobraziliense.com.br\/servidor\/wp-json\/wp\/v2\/media?parent=11955"}],"wp:term":[{"taxonomy":"category","embeddable":true,"href":"https:\/\/blogs.correiobraziliense.com.br\/servidor\/wp-json\/wp\/v2\/categories?post=11955"},{"taxonomy":"post_tag","embeddable":true,"href":"https:\/\/blogs.correiobraziliense.com.br\/servidor\/wp-json\/wp\/v2\/tags?post=11955"}],"curies":[{"name":"wp","href":"https:\/\/api.w.org\/{rel}","templated":true}]}}