{"id":11953,"date":"2019-02-20T12:22:29","date_gmt":"2019-02-20T15:22:29","guid":{"rendered":"https:\/\/blogs.correiobraziliense.com.br\/servidor\/?p=11953"},"modified":"2019-02-20T12:22:29","modified_gmt":"2019-02-20T15:22:29","slug":"diretores-do-inmetro-sao-exonerados-sem-indicacao-de-substitutos","status":"publish","type":"post","link":"https:\/\/blogs.correiobraziliense.com.br\/servidor\/diretores-do-inmetro-sao-exonerados-sem-indicacao-de-substitutos\/","title":{"rendered":"Diretores do Inmetro s\u00e3o exonerados, sem indica\u00e7\u00e3o de substitutos"},"content":{"rendered":"<p><em>Enquanto os olhos se voltam para a apresenta\u00e7\u00e3o da proposta de reforma da Previd\u00eancia pelo Executivo, ao Congresso Nacional, no Di\u00e1rio Oficial da Uni\u00e3o (DOU) de hoje foi publicada a exonera\u00e7\u00e3o de todos os diretores do Instituto Nacional de Metrologia, Qualidade e Tecnologia (Inmetro). Em meio \u00e0 prioridade de mudan\u00e7a nas regras de aposentadorias e pens\u00f5es, o governo aparentemente esqueceu de fazer as substitui\u00e7\u00f5es<\/em><\/p>\n<p>As demiss\u00f5es foram articuladas pela atual presidente Angela Flores Furtado, com o apoio do ministro chefe da Casa Civil, Onyx Lorenzoni. A medida tem a aprova\u00e7\u00e3o dos servidores da Casa porque os exonerados faziam parte da equipe do ex-presidente Carlos Augusto Azevedo,\u00a0condenado em segunda inst\u00e2ncia, em fevereiro de 2015, pelo Tribunal de Justi\u00e7a do Rio de Janeiro (TJ-RJ), por irregularidades no comando da Funda\u00e7\u00e3o de Apoio \u00e0 Escola T\u00e9cnica (Faetec) &#8211; contratou m\u00e3o de obra com dispensa de licita\u00e7\u00e3o, para atividades-fim, o que \u00e9 vedado pela lei.<\/p>\n<p>Nesse momento, segundo fontes do Inmetro, \u00e1reas importantes do instituto est\u00e3o sendo geridas por adjuntos. Embora tor\u00e7am pelo sucesso de Angela Furtado &#8211; que sequer tem atendido pol\u00edticos para evitar indica\u00e7\u00f5es viciadas -, eles lamentam o fato de o Inmetro, que tem uma grande import\u00e2ncia para a ind\u00fastria, estar quase parando. O que, de acordo com os t\u00e9cnicos, prejudica enormemente o desenvolvimento econ\u00f4mico e o avan\u00e7o tecnol\u00f3gico de v\u00e1rias empresas.<\/p>\n<p>Veja o DOU:<\/p>\n<div class=\"row-fluid\">\n<div class=\"detalhes-dou\">\n<p class=\"centralizar\"><strong>PORTARIAS DE 19 DE FEVEREIRO DE 2019<\/strong><\/p>\n<\/div>\n<\/div>\n<p class=\"subtitulo\"><strong>MINIST\u00c9RIO DA ECONOMIA<\/strong><\/p>\n<p class=\"dou-paragraph\"><strong class=\"dou-strong\">O MINISTRO DE ESTADO CHEFE DA CASA CIVIL DA PRESID\u00caNCIA DA REP\u00daBLICA<\/strong>, no uso de suas atribui\u00e7\u00f5es e tendo em vista o disposto no art. 2\u00a0<u>o<\/u>\u00a0do Decreto n\u00a0<u>o<\/u>\u00a08.821, de 26 de julho de 2016, resolve:<\/p>\n<p class=\"dou-paragraph\">N\u00ba 1.239<strong class=\"dou-strong\">\u2013 EXONERAR<\/strong><\/p>\n<p class=\"dou-paragraph\">MARCELLO ANDR\u00c9 BARCINSKI do cargo de Diretor de Metrologia Aplicada \u00e0s Ci\u00eancias da Vida do Instituto Nacional de Metrologia, Qualidade e Tecnologia \u2013 Inmetro, c\u00f3digo DAS 101.5.<\/p>\n<p class=\"dou-paragraph\">N\u00ba 1.240 \u2013<strong class=\"dou-strong\">EXONERAR<\/strong><\/p>\n<p class=\"dou-paragraph\">LUIZ CL\u00c1UDIO ALMEIDA MAGALH\u00c3ES do cargo de Diretor de Planejamento e Articula\u00e7\u00e3o Institucional do Instituto Nacional de Metrologia, Qualidade e Tecnologia \u2013 Inmetro, c\u00f3digo DAS 101.5.<\/p>\n<p class=\"dou-paragraph\">N\u00ba 1.241<strong class=\"dou-strong\">\u2013 EXONERAR<\/strong><\/p>\n<p class=\"dou-paragraph\">LUIZ ANTONIO LOUREN\u00c7O MARQUES do cargo de Diretor de Avalia\u00e7\u00e3o da Conformidade do Instituto Nacional de Metrologia, Qualidade e Tecnologia \u2013 Inmetro, c\u00f3digo DAS 101.5.<\/p>\n<p class=\"dou-paragraph\">N\u00ba 1.242<strong class=\"dou-strong\">\u2013 EXONERAR<\/strong><\/p>\n<p class=\"dou-paragraph\">HUMBERTO SIQUEIRA BRANDI do cargo de Diretor de Metrologia Cient\u00edfica e Tecnologia do Instituto Nacional de Metrologia, Qualidade e Tecnologia \u2013 Inmetro, c\u00f3digo DAS 101.5.<\/p>\n<p class=\"dou-paragraph\">N\u00ba 1.243 \u2013<strong class=\"dou-strong\">EXONERAR<\/strong><\/p>\n<p class=\"dou-paragraph\">FABIANO CAPELLA MEDEIROS do cargo de Diretor de Administra\u00e7\u00e3o e Finan\u00e7as do Instituto Nacional de Metrologia, Qualidade e Tecnologia \u2013 Inmetro, c\u00f3digo DAS 101.5.<\/p>\n<p class=\"dou-paragraph\">N\u00ba 1.244 \u2013<strong class=\"dou-strong\">EXONERAR<\/strong><\/p>\n<p class=\"dou-paragraph\">CLODOALDO JOS\u00c9 FERREIRA do cargo de Diretor de Metrologia Legal do Instituto Nacional de Metrologia, Qualidade e Tecnologia \u2013 Inmetro, c\u00f3digo DAS 101.5.<\/p>\n<p class=\"assina\">ONYX DORNELLES LORENZONI<\/p>\n<p><strong><span class=\"orgao-dou\">\u00d3rg\u00e3o:\u00a0<\/span><span class=\"orgao-dou-data\">Presid\u00eancia da Rep\u00fablica\/Casa Civil<\/span><\/strong><\/p>\n<p class=\"centralizar\"><strong><span class=\"publicado-dou\">Publicado no DOU em\u00a0<\/span><span class=\"publicado-dou-data\">20\/02\/2019<\/span>\u00a0<span class=\"pipe\">|\u00a0<\/span><span class=\"edicao-dou\">Edi\u00e7\u00e3o:\u00a0<\/span><span class=\"edicao-dou-data\">36<\/span>\u00a0<span class=\"pipe\">|\u00a0<\/span><span class=\"secao-dou\">Se\u00e7\u00e3o: 2<\/span>\u00a0<span class=\"pipe\">|\u00a0<\/span><span class=\"secao-dou\">P\u00e1gina: 2<\/span><\/strong><\/p>\n<p class=\"centralizar\"><a href=\"https:\/\/asmetro.org.br\/portalsn\/wp-content\/uploads\/2019\/02\/DOU-20022019-Edi%C3%A7%C3%A3o-36-Se%C3%A7%C3%A3o-2-P%C3%A1gina-2.pdf\" target=\"_blank\" rel=\"noopener\">DOU \u00a020022019\u00a0\u00a0Edi\u00e7\u00e3o\u00a036\u00a0\u00a0Se\u00e7\u00e3o 2\u00a0\u00a0P\u00e1gina 2<\/a><\/p>\n","protected":false},"excerpt":{"rendered":"<p>Enquanto os olhos se voltam para a apresenta\u00e7\u00e3o da proposta de reforma da Previd\u00eancia pelo Executivo, ao Congresso Nacional, no Di\u00e1rio Oficial da Uni\u00e3o (DOU) de hoje foi publicada a exonera\u00e7\u00e3o de todos os diretores do Instituto Nacional de Metrologia, Qualidade e Tecnologia (Inmetro). Em meio \u00e0 prioridade de mudan\u00e7a nas regras de aposentadorias e pens\u00f5es, o governo aparentemente esqueceu [&hellip;]<\/p>\n","protected":false},"author":27,"featured_media":0,"comment_status":"open","ping_status":"closed","sticky":false,"template":"","format":"standard","meta":{"footnotes":""},"categories":[2719],"tags":[766,606,14746,5684,1769,12738,1495,485,14745,1411,81,58,13638],"class_list":["post-11953","post","type-post","status-publish","format-standard","hentry","category-servidor","tag-casa-civil","tag-demissoes","tag-desenvolvimento-economico","tag-diretores","tag-dou","tag-exonerados","tag-industria","tag-inmetro","tag-interinos","tag-politicos","tag-presidente","tag-servidores","tag-substitutos"],"_links":{"self":[{"href":"https:\/\/blogs.correiobraziliense.com.br\/servidor\/wp-json\/wp\/v2\/posts\/11953","targetHints":{"allow":["GET"]}}],"collection":[{"href":"https:\/\/blogs.correiobraziliense.com.br\/servidor\/wp-json\/wp\/v2\/posts"}],"about":[{"href":"https:\/\/blogs.correiobraziliense.com.br\/servidor\/wp-json\/wp\/v2\/types\/post"}],"author":[{"embeddable":true,"href":"https:\/\/blogs.correiobraziliense.com.br\/servidor\/wp-json\/wp\/v2\/users\/27"}],"replies":[{"embeddable":true,"href":"https:\/\/blogs.correiobraziliense.com.br\/servidor\/wp-json\/wp\/v2\/comments?post=11953"}],"version-history":[{"count":1,"href":"https:\/\/blogs.correiobraziliense.com.br\/servidor\/wp-json\/wp\/v2\/posts\/11953\/revisions"}],"predecessor-version":[{"id":11954,"href":"https:\/\/blogs.correiobraziliense.com.br\/servidor\/wp-json\/wp\/v2\/posts\/11953\/revisions\/11954"}],"wp:attachment":[{"href":"https:\/\/blogs.correiobraziliense.com.br\/servidor\/wp-json\/wp\/v2\/media?parent=11953"}],"wp:term":[{"taxonomy":"category","embeddable":true,"href":"https:\/\/blogs.correiobraziliense.com.br\/servidor\/wp-json\/wp\/v2\/categories?post=11953"},{"taxonomy":"post_tag","embeddable":true,"href":"https:\/\/blogs.correiobraziliense.com.br\/servidor\/wp-json\/wp\/v2\/tags?post=11953"}],"curies":[{"name":"wp","href":"https:\/\/api.w.org\/{rel}","templated":true}]}}