{"id":11938,"date":"2019-02-18T18:21:50","date_gmt":"2019-02-18T21:21:50","guid":{"rendered":"https:\/\/blogs.correiobraziliense.com.br\/servidor\/?p=11938"},"modified":"2019-02-18T18:21:50","modified_gmt":"2019-02-18T21:21:50","slug":"cvm-protocolo-digital-podera-ficar-indisponivel-hoje-18-2-entre-22h-e-23h","status":"publish","type":"post","link":"https:\/\/blogs.correiobraziliense.com.br\/servidor\/cvm-protocolo-digital-podera-ficar-indisponivel-hoje-18-2-entre-22h-e-23h\/","title":{"rendered":"CVM &#8211; Protocolo Digital poder\u00e1 ficar indispon\u00edvel hoje (18\/2) entre 22h e 23h"},"content":{"rendered":"<p><em>Manuten\u00e7\u00e3o em plataforma digital do governo<\/em><\/p>\n<p>Veja a nota da Comiss\u00e3o de Valores Mobili\u00e1rios:<\/p>\n<p>&#8220;Devido \u00e0 implanta\u00e7\u00e3o de melhorias na Plataforma de Cidadania Digital (Brasil Cidad\u00e3o), ferramenta de autentica\u00e7\u00e3o do Protocolo Digital da CVM, poder\u00e1 haver instabilidade ou indisponibilidade tempor\u00e1ria no sistema durante o per\u00edodo de manuten\u00e7\u00e3o, que ocorrer\u00e1 hoje, 18\/2, entre 22h e 23h.<\/p>\n<p>O servi\u00e7o voltar\u00e1 \u00e0 sua normalidade ap\u00f3s o t\u00e9rmino do procedimento.<\/p>\n<p>Em caso de d\u00favidas, entre em contato com a Divis\u00e3o de Gest\u00e3o da Informa\u00e7\u00e3o (DINF\/SOI) da CVM por meio do telefone (21) 3554-8411.&#8221;<\/p>\n","protected":false},"excerpt":{"rendered":"<p>Manuten\u00e7\u00e3o em plataforma digital do governo Veja a nota da Comiss\u00e3o de Valores Mobili\u00e1rios: &#8220;Devido \u00e0 implanta\u00e7\u00e3o de melhorias na Plataforma de Cidadania Digital (Brasil Cidad\u00e3o), ferramenta de autentica\u00e7\u00e3o do Protocolo Digital da CVM, poder\u00e1 haver instabilidade ou indisponibilidade tempor\u00e1ria no sistema durante o per\u00edodo de manuten\u00e7\u00e3o, que ocorrer\u00e1 hoje, 18\/2, entre 22h e 23h. O servi\u00e7o voltar\u00e1 \u00e0 sua [&hellip;]<\/p>\n","protected":false},"author":27,"featured_media":0,"comment_status":"open","ping_status":"closed","sticky":false,"template":"","format":"standard","meta":{"footnotes":""},"categories":[2719],"tags":[14732,14731,215,1791,14730],"class_list":["post-11938","post","type-post","status-publish","format-standard","hentry","category-servidor","tag-autenticacao","tag-brasil-cidadao","tag-cvm","tag-indisponivel","tag-protocolo-digital"],"_links":{"self":[{"href":"https:\/\/blogs.correiobraziliense.com.br\/servidor\/wp-json\/wp\/v2\/posts\/11938","targetHints":{"allow":["GET"]}}],"collection":[{"href":"https:\/\/blogs.correiobraziliense.com.br\/servidor\/wp-json\/wp\/v2\/posts"}],"about":[{"href":"https:\/\/blogs.correiobraziliense.com.br\/servidor\/wp-json\/wp\/v2\/types\/post"}],"author":[{"embeddable":true,"href":"https:\/\/blogs.correiobraziliense.com.br\/servidor\/wp-json\/wp\/v2\/users\/27"}],"replies":[{"embeddable":true,"href":"https:\/\/blogs.correiobraziliense.com.br\/servidor\/wp-json\/wp\/v2\/comments?post=11938"}],"version-history":[{"count":1,"href":"https:\/\/blogs.correiobraziliense.com.br\/servidor\/wp-json\/wp\/v2\/posts\/11938\/revisions"}],"predecessor-version":[{"id":11939,"href":"https:\/\/blogs.correiobraziliense.com.br\/servidor\/wp-json\/wp\/v2\/posts\/11938\/revisions\/11939"}],"wp:attachment":[{"href":"https:\/\/blogs.correiobraziliense.com.br\/servidor\/wp-json\/wp\/v2\/media?parent=11938"}],"wp:term":[{"taxonomy":"category","embeddable":true,"href":"https:\/\/blogs.correiobraziliense.com.br\/servidor\/wp-json\/wp\/v2\/categories?post=11938"},{"taxonomy":"post_tag","embeddable":true,"href":"https:\/\/blogs.correiobraziliense.com.br\/servidor\/wp-json\/wp\/v2\/tags?post=11938"}],"curies":[{"name":"wp","href":"https:\/\/api.w.org\/{rel}","templated":true}]}}