{"id":11934,"date":"2019-02-18T17:37:07","date_gmt":"2019-02-18T20:37:07","guid":{"rendered":"https:\/\/blogs.correiobraziliense.com.br\/servidor\/?p=11934"},"modified":"2019-02-18T17:37:07","modified_gmt":"2019-02-18T20:37:07","slug":"tst-reformula-portal-para-facilitar-acesso-a-informacao","status":"publish","type":"post","link":"https:\/\/blogs.correiobraziliense.com.br\/servidor\/tst-reformula-portal-para-facilitar-acesso-a-informacao\/","title":{"rendered":"TST reformula portal para facilitar acesso \u00e0 informa\u00e7\u00e3o"},"content":{"rendered":"<p><em>Facilidade de navega\u00e7\u00e3o, acompanhamento das sess\u00f5es em tempo real e acesso r\u00e1pido aos processos s\u00e3o algumas das funcionalidades do novo site, informou o Tribunal Superior do Trabalho (TST)<\/em><\/p>\n<p>Entrou no ar nesta segunda-feira (18\/2) o novo leiaute do portal do Tribunal Superior do Trabalho (TST). O objetivo da mudan\u00e7a \u00e9 dar mais transpar\u00eancia ao conte\u00fado e facilitar o acesso \u00e0s \u00e1reas mais procuradas pelos usu\u00e1rios.<\/p>\n<p>O menu r\u00e1pido, \u00e0 direita da p\u00e1gina, tem os principais servi\u00e7os e informa\u00e7\u00f5es do TST, como a Certid\u00e3o Negativa de D\u00e9bitos Trabalhistas (CNDT), a consulta aos processos e \u00e0 jurisprud\u00eancia, o Processo Judicial Eletr\u00f4nico (PJe) e o Portal da Advocacia.<\/p>\n<p>As ferramentas de acessibilidade tamb\u00e9m foram reorganizadas e projetadas para ser facilmente utiliz\u00e1veis. Al\u00e9m dos recursos de aumento de texto e de contraste de tela, a p\u00e1gina tamb\u00e9m permite a leitura de conte\u00fados pela L\u00edngua Brasileira de Sinais (Libras).<\/p>\n<p>A \u00e1rea de not\u00edcias tamb\u00e9m foi modificada para dar mais evid\u00eancia aos conte\u00fados de destaque. Foram aplicados aos textos t\u00e9cnicas de SEO (otimiza\u00e7\u00e3o de buscas), o que inclui fotos e v\u00eddeos dentro das publica\u00e7\u00f5es.<\/p>\n<p>Todos os links da p\u00e1gina anterior seguem dispon\u00edveis no novo portal no menu superior da p\u00e1gina.<\/p>\n","protected":false},"excerpt":{"rendered":"<p>Facilidade de navega\u00e7\u00e3o, acompanhamento das sess\u00f5es em tempo real e acesso r\u00e1pido aos processos s\u00e3o algumas das funcionalidades do novo site, informou o Tribunal Superior do Trabalho (TST) Entrou no ar nesta segunda-feira (18\/2) o novo leiaute do portal do Tribunal Superior do Trabalho (TST). O objetivo da mudan\u00e7a \u00e9 dar mais transpar\u00eancia ao conte\u00fado e facilitar o acesso \u00e0s [&hellip;]<\/p>\n","protected":false},"author":27,"featured_media":0,"comment_status":"open","ping_status":"closed","sticky":false,"template":"","format":"standard","meta":{"footnotes":""},"categories":[2719],"tags":[84,1118,14727,3235,562,14726,4956,9989,503],"class_list":["post-11934","post","type-post","status-publish","format-standard","hentry","category-servidor","tag-acesso","tag-informacao","tag-navegacao","tag-portal","tag-processos","tag-reformula","tag-sessoes","tag-tempo-real","tag-tst"],"_links":{"self":[{"href":"https:\/\/blogs.correiobraziliense.com.br\/servidor\/wp-json\/wp\/v2\/posts\/11934","targetHints":{"allow":["GET"]}}],"collection":[{"href":"https:\/\/blogs.correiobraziliense.com.br\/servidor\/wp-json\/wp\/v2\/posts"}],"about":[{"href":"https:\/\/blogs.correiobraziliense.com.br\/servidor\/wp-json\/wp\/v2\/types\/post"}],"author":[{"embeddable":true,"href":"https:\/\/blogs.correiobraziliense.com.br\/servidor\/wp-json\/wp\/v2\/users\/27"}],"replies":[{"embeddable":true,"href":"https:\/\/blogs.correiobraziliense.com.br\/servidor\/wp-json\/wp\/v2\/comments?post=11934"}],"version-history":[{"count":1,"href":"https:\/\/blogs.correiobraziliense.com.br\/servidor\/wp-json\/wp\/v2\/posts\/11934\/revisions"}],"predecessor-version":[{"id":11935,"href":"https:\/\/blogs.correiobraziliense.com.br\/servidor\/wp-json\/wp\/v2\/posts\/11934\/revisions\/11935"}],"wp:attachment":[{"href":"https:\/\/blogs.correiobraziliense.com.br\/servidor\/wp-json\/wp\/v2\/media?parent=11934"}],"wp:term":[{"taxonomy":"category","embeddable":true,"href":"https:\/\/blogs.correiobraziliense.com.br\/servidor\/wp-json\/wp\/v2\/categories?post=11934"},{"taxonomy":"post_tag","embeddable":true,"href":"https:\/\/blogs.correiobraziliense.com.br\/servidor\/wp-json\/wp\/v2\/tags?post=11934"}],"curies":[{"name":"wp","href":"https:\/\/api.w.org\/{rel}","templated":true}]}}