{"id":11925,"date":"2019-02-18T12:48:24","date_gmt":"2019-02-18T15:48:24","guid":{"rendered":"https:\/\/blogs.correiobraziliense.com.br\/servidor\/?p=11925"},"modified":"2019-02-18T12:48:24","modified_gmt":"2019-02-18T15:48:24","slug":"ato-publico-contra-a-reforma-da-previdencia-e-pela-reabertura-integral-da-cmb-na-quarta-feira-20","status":"publish","type":"post","link":"https:\/\/blogs.correiobraziliense.com.br\/servidor\/ato-publico-contra-a-reforma-da-previdencia-e-pela-reabertura-integral-da-cmb-na-quarta-feira-20\/","title":{"rendered":"Ato p\u00fablico contra a reforma da Previd\u00eancia e pela reabertura integral da CMB, na quarta-feira (20)"},"content":{"rendered":"<p><em>No dia 20 de fevereiro, \u00e0s 10h, acontece o \u201cAto Integrado pela Reabertura Integral da CMB de Bras\u00edlia e pelo Direito \u00e0 Aposentadoria&#8221;. A mobiliza\u00e7\u00e3o ser\u00e1 no Anexo do Pal\u00e1cio do Buriti e \u00e9 organizada pelo Sindicato dos Servidores da Assist\u00eancia Social e Cultural do GDF (Sindsasc) com o apoio de entidades, movimentos sociais e parlamentares do DF, como os deputados distritais F\u00e1bio Felix e Arlete Sampaio, anuncia o Sindsasc<\/em><\/p>\n<p>O ato tem o objetivo de sensibilizar a popula\u00e7\u00e3o e a classe pol\u00edtica pela reabertura da Casa da Mulher Brasileira (CMB), fechada desde fevereiro de 2018. O ato aproveita para, tamb\u00e9m, registrar a luta da categoria contra a atual proposta de reforma da Previd\u00eancia Social, que, segundo os movimentos sociais e entidades que comp\u00f5em movimento, tem teor prejudicial ao trabalhador brasileiro. A organiza\u00e7\u00e3o do ato reivindica a reabertura integral da Casa da Mulher Brasileira, com funcionamento total e ininterrupto dos servi\u00e7os, conforme previsto nas diretrizes gerais e protocolo de atendimento. A Casa da Mulher Brasileira do Distrito Federal foi inaugurada em junho de 2015, passou por tr\u00eas interdi\u00e7\u00f5es e foi fechada em abril de 2018.<\/p>\n<p>Manifesto publicado pelo movimento refor\u00e7a que a concep\u00e7\u00e3o original da CMB \u00e9 de funcionamento 24 horas com a perman\u00eancia dos servi\u00e7os integrados: recep\u00e7\u00e3o, acolhimento e triagem\/psicossocial, brinquedoteca, alojamento de passagem, servi\u00e7o de promo\u00e7\u00e3o e autonomia econ\u00f4mica, central de transporte, defensoria p\u00fablica, Delegacia Especializada de Atendimento \u00e0 Mulher, Minist\u00e9rio P\u00fablico e N\u00facleo Judici\u00e1rio da Mulher do Tribunal de Justi\u00e7a do Distrito Federal e Territ\u00f3rios. &#8220;Entretanto, essa concep\u00e7\u00e3o n\u00e3o foi implementada no per\u00edodo de funcionamento da unidade, o que impossibilitou a efetiva\u00e7\u00e3o dos servi\u00e7os integrados em raz\u00e3o dos problemas estruturais identificados no espa\u00e7o f\u00edsico, que comprometia a perman\u00eancia dos \u00f3rg\u00e3os nas \u00e1reas a eles destinados, de acordo com o projeto arquitet\u00f4nico da CMB&#8221;, destaca o Sindsasc.<\/p>\n<p><strong>Contra a reforma<\/strong><br \/>\nA organiza\u00e7\u00e3o do movimento decidiu se aumentar a rea\u00e7\u00e3o popular contra a reforma da Previd\u00eancia Social prestes a ser votada no Congresso Nacional. As entidades s\u00e3o contra as altera\u00e7\u00f5es ao projetos da Previd\u00eancia, como sistema de capitaliza\u00e7\u00e3o da aposentadoria pelos bancos e aumento da idade m\u00ednima.<\/p>\n<p>Para o presidente do Sindsasc, o ato em defesa da CMB cresceu ao absorver a luta contra a reforma da Previd\u00eancia. \u201cO ato ganhou ainda mais import\u00e2ncia por conta das not\u00edcias de que o governo federal redefiniu as idades m\u00ednimas para aposentadoria e tememos tamb\u00e9m quanto ao teor da Proposta de Emenda da Constitui\u00e7\u00e3o (PEC) que ser\u00e1 encaminhada \u00e0 C\u00e2mara. O projeto dificulta ainda mais a obten\u00e7\u00e3o desse direito. Os trabalhadores v\u00e3o se unir ao nosso movimento em resist\u00eancia a essa reforma que privilegia os bancos com o aumento da privatiza\u00e7\u00e3o da Previd\u00eancia\u201d, avalia.<\/p>\n<p><strong>Composi\u00e7\u00e3o<\/strong><br \/>\nIntegram o Movimento em Defesa da Casa da Mulher Brasileira as seguintes entidades, movimentos sociais e pol\u00edticos: Sindicato dos Servidores da Assist\u00eancia Social e Cultural do GDF (Sindsasc), Sindicato dos Professores do DF (Sinpro-DF), Central de Movimentos Populares (CMP), Ordem dos Advogados do Brasil Seccional Distrito Federal (OAB-DF), DF em Movimento, Marcha Mundial de Mulheres, CSP Conlutas, Movimento de Mulheres em Luto \u2013 MMC, Jornal Homem Livre, Plataforma Feminista, Frente de Mulheres Negras do DF e Entorno, Roda das Minas. Parlamentares Apoiadores: Arlete Sampaio (deputada distrital eleita), Erika Kokay (deputada federal), F\u00e1bio Felix (deputado distrital), Luizianne Lins (deputada federal) e F\u00f3rum de Trabalhadores do Sistema \u00danico de Assist\u00eancia Social do DF (FTSUAS-DF).<\/p>\n","protected":false},"excerpt":{"rendered":"<p>No dia 20 de fevereiro, \u00e0s 10h, acontece o \u201cAto Integrado pela Reabertura Integral da CMB de Bras\u00edlia e pelo Direito \u00e0 Aposentadoria&#8221;. A mobiliza\u00e7\u00e3o ser\u00e1 no Anexo do Pal\u00e1cio do Buriti e \u00e9 organizada pelo Sindicato dos Servidores da Assist\u00eancia Social e Cultural do GDF (Sindsasc) com o apoio de entidades, movimentos sociais e parlamentares do DF, como os [&hellip;]<\/p>\n","protected":false},"author":27,"featured_media":0,"comment_status":"open","ping_status":"closed","sticky":false,"template":"","format":"standard","meta":{"footnotes":""},"categories":[2719],"tags":[6,10709,4125,14720,7633,100,1298,5586,9729,1042,268,12947,9727,11776,707],"class_list":["post-11925","post","type-post","status-publish","format-standard","hentry","category-servidor","tag-aposentadoria","tag-ato-publico","tag-capitalizacao","tag-casa-da-mulher-brasileira","tag-cmb","tag-congresso","tag-deputados","tag-distritais","tag-idade-minima","tag-movimentos","tag-parlamentares","tag-reabertura","tag-reforma-da-previdencia","tag-sindsasc","tag-sociais"],"_links":{"self":[{"href":"https:\/\/blogs.correiobraziliense.com.br\/servidor\/wp-json\/wp\/v2\/posts\/11925","targetHints":{"allow":["GET"]}}],"collection":[{"href":"https:\/\/blogs.correiobraziliense.com.br\/servidor\/wp-json\/wp\/v2\/posts"}],"about":[{"href":"https:\/\/blogs.correiobraziliense.com.br\/servidor\/wp-json\/wp\/v2\/types\/post"}],"author":[{"embeddable":true,"href":"https:\/\/blogs.correiobraziliense.com.br\/servidor\/wp-json\/wp\/v2\/users\/27"}],"replies":[{"embeddable":true,"href":"https:\/\/blogs.correiobraziliense.com.br\/servidor\/wp-json\/wp\/v2\/comments?post=11925"}],"version-history":[{"count":1,"href":"https:\/\/blogs.correiobraziliense.com.br\/servidor\/wp-json\/wp\/v2\/posts\/11925\/revisions"}],"predecessor-version":[{"id":11926,"href":"https:\/\/blogs.correiobraziliense.com.br\/servidor\/wp-json\/wp\/v2\/posts\/11925\/revisions\/11926"}],"wp:attachment":[{"href":"https:\/\/blogs.correiobraziliense.com.br\/servidor\/wp-json\/wp\/v2\/media?parent=11925"}],"wp:term":[{"taxonomy":"category","embeddable":true,"href":"https:\/\/blogs.correiobraziliense.com.br\/servidor\/wp-json\/wp\/v2\/categories?post=11925"},{"taxonomy":"post_tag","embeddable":true,"href":"https:\/\/blogs.correiobraziliense.com.br\/servidor\/wp-json\/wp\/v2\/tags?post=11925"}],"curies":[{"name":"wp","href":"https:\/\/api.w.org\/{rel}","templated":true}]}}