{"id":11916,"date":"2019-02-18T12:15:21","date_gmt":"2019-02-18T15:15:21","guid":{"rendered":"https:\/\/blogs.correiobraziliense.com.br\/servidor\/?p=11916"},"modified":"2019-02-18T13:11:48","modified_gmt":"2019-02-18T16:11:48","slug":"mil-aprovados-no-ultimo-concurso-da-pf-devem-ser-chamados-ate-2020","status":"publish","type":"post","link":"https:\/\/blogs.correiobraziliense.com.br\/servidor\/mil-aprovados-no-ultimo-concurso-da-pf-devem-ser-chamados-ate-2020\/","title":{"rendered":"Mil aprovados no \u00faltimo concurso da PF devem ser chamados at\u00e9 2020"},"content":{"rendered":"<p><em>O an\u00fancio foi feito pelo presidente da Associa\u00e7\u00e3o Nacional dos Delegados da Pol\u00edcia Federal (ADPF), Edivandir Paiva, na \u00faltima sexta-feira (15\/02), durante o lan\u00e7amento do novo site da entidade sindical. Ele tamb\u00e9m defendeu novo concurso para suprir cerca de 4,5 mil cargos vagos<\/em><\/p>\n<p>De acordo com Paiva, o Minist\u00e9rio da Justi\u00e7a e a PF est\u00e3o trabalhando na aprova\u00e7\u00e3o de or\u00e7amento para uma nova turma de forma\u00e7\u00e3o dos aprovados no \u00faltimo concurso. A primeira ser\u00e1 em junho deste ano, e a pr\u00f3xima, no primeiro semestre de 2020. Esses mil concursados v\u00e3o preencher parte das 4,5 mil vagas.<\/p>\n<p>Veja o an\u00fancio:<\/p>\n<p>https:\/\/www.youtube.com\/watch?v=SCJlz5ns_6I<\/p>\n","protected":false},"excerpt":{"rendered":"<p>O an\u00fancio foi feito pelo presidente da Associa\u00e7\u00e3o Nacional dos Delegados da Pol\u00edcia Federal (ADPF), Edivandir Paiva, na \u00faltima sexta-feira (15\/02), durante o lan\u00e7amento do novo site da entidade sindical. Ele tamb\u00e9m defendeu novo concurso para suprir cerca de 4,5 mil cargos vagos De acordo com Paiva, o Minist\u00e9rio da Justi\u00e7a e a PF est\u00e3o trabalhando na aprova\u00e7\u00e3o de or\u00e7amento [&hellip;]<\/p>\n","protected":false},"author":27,"featured_media":11920,"comment_status":"open","ping_status":"closed","sticky":false,"template":"","format":"standard","meta":{"footnotes":""},"categories":[2719],"tags":[791,93,2022,4443,1973,318,319,104,11090,5267],"class_list":["post-11916","post","type-post","status-publish","format-standard","has-post-thumbnail","hentry","category-servidor","tag-cargos","tag-concurso","tag-excedentes","tag-formacao","tag-ministerio-da-justica","tag-orcamento","tag-pf","tag-policia-federal","tag-turma","tag-vagos"],"_links":{"self":[{"href":"https:\/\/blogs.correiobraziliense.com.br\/servidor\/wp-json\/wp\/v2\/posts\/11916","targetHints":{"allow":["GET"]}}],"collection":[{"href":"https:\/\/blogs.correiobraziliense.com.br\/servidor\/wp-json\/wp\/v2\/posts"}],"about":[{"href":"https:\/\/blogs.correiobraziliense.com.br\/servidor\/wp-json\/wp\/v2\/types\/post"}],"author":[{"embeddable":true,"href":"https:\/\/blogs.correiobraziliense.com.br\/servidor\/wp-json\/wp\/v2\/users\/27"}],"replies":[{"embeddable":true,"href":"https:\/\/blogs.correiobraziliense.com.br\/servidor\/wp-json\/wp\/v2\/comments?post=11916"}],"version-history":[{"count":4,"href":"https:\/\/blogs.correiobraziliense.com.br\/servidor\/wp-json\/wp\/v2\/posts\/11916\/revisions"}],"predecessor-version":[{"id":11929,"href":"https:\/\/blogs.correiobraziliense.com.br\/servidor\/wp-json\/wp\/v2\/posts\/11916\/revisions\/11929"}],"wp:featuredmedia":[{"embeddable":true,"href":"https:\/\/blogs.correiobraziliense.com.br\/servidor\/wp-json\/wp\/v2\/media\/11920"}],"wp:attachment":[{"href":"https:\/\/blogs.correiobraziliense.com.br\/servidor\/wp-json\/wp\/v2\/media?parent=11916"}],"wp:term":[{"taxonomy":"category","embeddable":true,"href":"https:\/\/blogs.correiobraziliense.com.br\/servidor\/wp-json\/wp\/v2\/categories?post=11916"},{"taxonomy":"post_tag","embeddable":true,"href":"https:\/\/blogs.correiobraziliense.com.br\/servidor\/wp-json\/wp\/v2\/tags?post=11916"}],"curies":[{"name":"wp","href":"https:\/\/api.w.org\/{rel}","templated":true}]}}