{"id":11912,"date":"2019-02-15T21:38:28","date_gmt":"2019-02-15T23:38:28","guid":{"rendered":"https:\/\/blogs.correiobraziliense.com.br\/servidor\/?p=11912"},"modified":"2019-02-15T21:38:28","modified_gmt":"2019-02-15T23:38:28","slug":"prefeitura-de-sao-paulo-greve-dos-servidores","status":"publish","type":"post","link":"https:\/\/blogs.correiobraziliense.com.br\/servidor\/prefeitura-de-sao-paulo-greve-dos-servidores\/","title":{"rendered":"Prefeitura de S\u00e3o Paulo &#8211; Greve dos servidores"},"content":{"rendered":"<p><em>O ponto dos grevistas est\u00e1 sendo cortado e na ter\u00e7a-feira come\u00e7am a se apresentar os primeiros professores tempor\u00e1rios para ocupar o lugar dos grevistas. De acordo com a nota, em resposta a pedido de audi\u00eancia do f\u00f3rum das entidades sindicais, a Prefeitura afirmou estar aberta ao di\u00e1logo, desde que os grevistas aceitem encerrar o movimento<\/em><\/p>\n<p>Veja a nota:<\/p>\n<p>&#8220;A Prefeitura de S\u00e3o Paulo informa que a greve dos servidores municipais, iniciada no dia 4 de fevereiro, concentrou-se hoje uma vez mais na \u00e1rea da educa\u00e7\u00e3o. Em dia de assembleia dos grevistas, 205 das 3,5 mil unidades estiveram totalmente paralisadas.<\/p>\n<p>No primeiro dia de greve foram 744 unidades sem aulas. Em outras \u00e1reas da administra\u00e7\u00e3o, ocorreram paralisa\u00e7\u00f5es pontuais que n\u00e3o chegaram a 2% das unidades e servi\u00e7os, com os hospitais municipais e o SAMU funcionando normalmente.<\/p>\n<p>O ponto dos grevistas est\u00e1 sendo cortado e na ter\u00e7a-feira come\u00e7am a se apresentar os primeiros professores tempor\u00e1rios chamados para ocupar o lugar dos grevistas. Em resposta a pedido de audi\u00eancia feito pelo f\u00f3rum das entidades sindicais, a Prefeitura afirmou estar aberta ao di\u00e1logo, desde que os grevistas aceitem encerrar o movimento.&#8221;<\/p>\n","protected":false},"excerpt":{"rendered":"<p>O ponto dos grevistas est\u00e1 sendo cortado e na ter\u00e7a-feira come\u00e7am a se apresentar os primeiros professores tempor\u00e1rios para ocupar o lugar dos grevistas. De acordo com a nota, em resposta a pedido de audi\u00eancia do f\u00f3rum das entidades sindicais, a Prefeitura afirmou estar aberta ao di\u00e1logo, desde que os grevistas aceitem encerrar o movimento Veja a nota: &#8220;A Prefeitura [&hellip;]<\/p>\n","protected":false},"author":27,"featured_media":0,"comment_status":"open","ping_status":"closed","sticky":false,"template":"","format":"standard","meta":{"footnotes":""},"categories":[2719],"tags":[518,192,1133,48,15,540,3723,3279,14715,2976,58,3672,514],"class_list":["post-11912","post","type-post","status-publish","format-standard","hentry","category-servidor","tag-assembleia","tag-audiencia","tag-dialogo","tag-educacao","tag-greve","tag-movimento","tag-paralisadas","tag-ponto","tag-prefeitura-de-sao-paulo","tag-professores","tag-servidores","tag-temporarios","tag-unidades"],"_links":{"self":[{"href":"https:\/\/blogs.correiobraziliense.com.br\/servidor\/wp-json\/wp\/v2\/posts\/11912","targetHints":{"allow":["GET"]}}],"collection":[{"href":"https:\/\/blogs.correiobraziliense.com.br\/servidor\/wp-json\/wp\/v2\/posts"}],"about":[{"href":"https:\/\/blogs.correiobraziliense.com.br\/servidor\/wp-json\/wp\/v2\/types\/post"}],"author":[{"embeddable":true,"href":"https:\/\/blogs.correiobraziliense.com.br\/servidor\/wp-json\/wp\/v2\/users\/27"}],"replies":[{"embeddable":true,"href":"https:\/\/blogs.correiobraziliense.com.br\/servidor\/wp-json\/wp\/v2\/comments?post=11912"}],"version-history":[{"count":1,"href":"https:\/\/blogs.correiobraziliense.com.br\/servidor\/wp-json\/wp\/v2\/posts\/11912\/revisions"}],"predecessor-version":[{"id":11913,"href":"https:\/\/blogs.correiobraziliense.com.br\/servidor\/wp-json\/wp\/v2\/posts\/11912\/revisions\/11913"}],"wp:attachment":[{"href":"https:\/\/blogs.correiobraziliense.com.br\/servidor\/wp-json\/wp\/v2\/media?parent=11912"}],"wp:term":[{"taxonomy":"category","embeddable":true,"href":"https:\/\/blogs.correiobraziliense.com.br\/servidor\/wp-json\/wp\/v2\/categories?post=11912"},{"taxonomy":"post_tag","embeddable":true,"href":"https:\/\/blogs.correiobraziliense.com.br\/servidor\/wp-json\/wp\/v2\/tags?post=11912"}],"curies":[{"name":"wp","href":"https:\/\/api.w.org\/{rel}","templated":true}]}}