{"id":11909,"date":"2019-02-15T15:22:00","date_gmt":"2019-02-15T17:22:00","guid":{"rendered":"https:\/\/blogs.correiobraziliense.com.br\/servidor\/?p=11909"},"modified":"2019-02-15T15:22:38","modified_gmt":"2019-02-15T17:22:38","slug":"camara-dos-deputados-e-senado-federal-lancam-glossario-de-termos-legislativos","status":"publish","type":"post","link":"https:\/\/blogs.correiobraziliense.com.br\/servidor\/camara-dos-deputados-e-senado-federal-lancam-glossario-de-termos-legislativos\/","title":{"rendered":"C\u00e2mara dos Deputados e Senado Federal lan\u00e7am Gloss\u00e1rio de Termos Legislativos"},"content":{"rendered":"<p><em>A C\u00e2mara dos Deputados e o Senado Federal lan\u00e7aram o\u00a0<a href=\"http:\/\/bd.camara.leg.br\/bd\/handle\/bdcamara\/36859\">Gloss\u00e1rio de Termos Legislativos<\/a>, publica\u00e7\u00e3o que organiza em um mesmo documento o vocabul\u00e1rio adotado nas duas casas do Legislativo e no Congresso Nacional. A iniciativa faz parte de um esfor\u00e7o do Parlamento para aumentar a transpar\u00eancia e o pleno acesso do cidad\u00e3o ao processo legislativo federal.<\/em><\/p>\n<p>De acordo com a nota enviada pela C\u00e2mara, os termos que n\u00e3o entraram inicialmente no Gloss\u00e1rio ser\u00e3o tratados em outro momento, como aqueles relacionados ao Or\u00e7amento da Uni\u00e3o.<\/p>\n<p><strong>Numera\u00e7\u00e3o \u00fanica<br \/>\n<\/strong><\/p>\n<p>Outra novidade desta Legislatura \u00e9 a unifica\u00e7\u00e3o da sigla e da numera\u00e7\u00e3o de projetos de lei, propostas de emenda \u00e0 Constitui\u00e7\u00e3o e projetos de decreto legislativo. Antes, os sistemas da C\u00e2mara e do Senado eram independentes: uma mesma proposta recebia sigla, n\u00famero e ano diferentes ao longo da tramita\u00e7\u00e3o. Para facilitar o entendimento por parte do cidad\u00e3o sobre o andamento de proposi\u00e7\u00f5es legislativas, foi lan\u00e7ada a p\u00e1gina\u00a0<a href=\"https:\/\/www2.camara.leg.br\/comunicacao\/camara-noticias\/camara-destaca\/simplificou\">Simplificou!<\/a>.<\/p>\n","protected":false},"excerpt":{"rendered":"<p>A C\u00e2mara dos Deputados e o Senado Federal lan\u00e7aram o\u00a0Gloss\u00e1rio de Termos Legislativos, publica\u00e7\u00e3o que organiza em um mesmo documento o vocabul\u00e1rio adotado nas duas casas do Legislativo e no Congresso Nacional. A iniciativa faz parte de um esfor\u00e7o do Parlamento para aumentar a transpar\u00eancia e o pleno acesso do cidad\u00e3o ao processo legislativo federal. De acordo com a nota [&hellip;]<\/p>\n","protected":false},"author":27,"featured_media":0,"comment_status":"open","ping_status":"closed","sticky":false,"template":"","format":"standard","meta":{"footnotes":""},"categories":[2719],"tags":[84,61,1316,693,2584,14711,14714,14713,4120,2156,2281,1733,696,168,14712],"class_list":["post-11909","post","type-post","status-publish","format-standard","hentry","category-servidor","tag-acesso","tag-camara","tag-cidadao","tag-congresso-nacional","tag-constituicao","tag-glossario-de-termos-legislativos","tag-nmeracao","tag-orcamento-da-uniao","tag-parlamento","tag-pec","tag-projetos-de-lei","tag-publicacao","tag-senado","tag-transparencia","tag-vocabulario"],"_links":{"self":[{"href":"https:\/\/blogs.correiobraziliense.com.br\/servidor\/wp-json\/wp\/v2\/posts\/11909","targetHints":{"allow":["GET"]}}],"collection":[{"href":"https:\/\/blogs.correiobraziliense.com.br\/servidor\/wp-json\/wp\/v2\/posts"}],"about":[{"href":"https:\/\/blogs.correiobraziliense.com.br\/servidor\/wp-json\/wp\/v2\/types\/post"}],"author":[{"embeddable":true,"href":"https:\/\/blogs.correiobraziliense.com.br\/servidor\/wp-json\/wp\/v2\/users\/27"}],"replies":[{"embeddable":true,"href":"https:\/\/blogs.correiobraziliense.com.br\/servidor\/wp-json\/wp\/v2\/comments?post=11909"}],"version-history":[{"count":2,"href":"https:\/\/blogs.correiobraziliense.com.br\/servidor\/wp-json\/wp\/v2\/posts\/11909\/revisions"}],"predecessor-version":[{"id":11911,"href":"https:\/\/blogs.correiobraziliense.com.br\/servidor\/wp-json\/wp\/v2\/posts\/11909\/revisions\/11911"}],"wp:attachment":[{"href":"https:\/\/blogs.correiobraziliense.com.br\/servidor\/wp-json\/wp\/v2\/media?parent=11909"}],"wp:term":[{"taxonomy":"category","embeddable":true,"href":"https:\/\/blogs.correiobraziliense.com.br\/servidor\/wp-json\/wp\/v2\/categories?post=11909"},{"taxonomy":"post_tag","embeddable":true,"href":"https:\/\/blogs.correiobraziliense.com.br\/servidor\/wp-json\/wp\/v2\/tags?post=11909"}],"curies":[{"name":"wp","href":"https:\/\/api.w.org\/{rel}","templated":true}]}}