{"id":11907,"date":"2019-02-15T15:15:55","date_gmt":"2019-02-15T17:15:55","guid":{"rendered":"https:\/\/blogs.correiobraziliense.com.br\/servidor\/?p=11907"},"modified":"2019-02-15T15:15:55","modified_gmt":"2019-02-15T17:15:55","slug":"impacto-da-reforma-da-previdencia-ativos-dos-fundos-de-pensao-superam-r-900-bilhoes-e-rentabilidade-vai-a-1213","status":"publish","type":"post","link":"https:\/\/blogs.correiobraziliense.com.br\/servidor\/impacto-da-reforma-da-previdencia-ativos-dos-fundos-de-pensao-superam-r-900-bilhoes-e-rentabilidade-vai-a-1213\/","title":{"rendered":"Impacto da reforma da Previd\u00eancia &#8211; Ativos dos fundos de pens\u00e3o superam R$ 900 bilh\u00f5es e rentabilidade vai a 12,13%"},"content":{"rendered":"<p><em>Levantamento da Abrapp mostra que 144 entidades tiveram super\u00e1vit. Sistema tem patrim\u00f4nio equivalente a 13,4% do PIB. O presidente da Abrapp acredita que o crescimento \u00e9 em raz\u00e3o dos debates sobre a reforma da Previd\u00eancia<\/em><\/p>\n<p>Os ativos dos fundos de pens\u00e3o ultrapassaram pela primeira vez o n\u00edvel de R$ 900 bilh\u00f5es e passaram a representar 13,4% do Produto Interno Bruto (PIB, soma das riquezas do pa\u00eds). A informa\u00e7\u00e3o \u00e9 do Consolidado Estat\u00edstico da Associa\u00e7\u00e3o Brasileira das Entidades Fechadas de Previd\u00eancia Complementar ( Abrapp), divulgado na quinta-feira (14\/2).<\/p>\n<p>Segundo o levantamento referente a novembro, os ativos somaram R$ 901 bilh\u00f5es e alcan\u00e7aram o n\u00edvel mais alto em compara\u00e7\u00e3o ao PIB desde 2012.<\/p>\n<p>Os dados da Abrapp mostraram tamb\u00e9m que a rentabilidade acumulada no ano passado (at\u00e9 novembro) chegou a 12,13%, bem acima da Taxa de Juros Padr\u00e3o (9,42%) no per\u00edodo.<\/p>\n<p>Al\u00e9m disso, o Consolidado Estat\u00edstico mostra que 144 EFPCs (456 planos) apresentaram super\u00e1vit, o maior n\u00famero desde 2012, e 78 tiveram d\u00e9ficit.<\/p>\n<p>Outro destaque do levantamento da Abrapp foi o crescimento dos fundos institu\u00eddos (formado por entidades e associa\u00e7\u00f5es de classe). Esse segmento j\u00e1 conta com 62 planos institu\u00eddos (somando as EFPC instituidoras e multipatrocinadas), com mais de 371 mil participantes e ativos de R$ 10,9 bilh\u00f5es.<\/p>\n<p><strong>Novas categorias de plano<\/strong><\/p>\n<p>O plano instituidor setorial \u00e9 um fundo criado por sindicatos ou categorias por classe (Ex. OABPrev e Quanta Previd\u00eancia Unicred) \u2013 advogados e profissionais de sa\u00fade.<\/p>\n<p>A procura por esse produto, cresceu bastante nos \u00faltimos dois anos. O levantamento da Abrapp mostra um crescimento de 48,33%, atingindo a marca de 371 mil participantes em novembro de 2018, ante 250,3 mil no mesmo per\u00edodo no ano anterior.<\/p>\n<p>O presidente da Abrapp acredita que o crescimento \u00e9 em raz\u00e3o dos debates sobre a reforma da Previd\u00eancia.<\/p>\n<p>Outra categoria, rec\u00e9m-aprovada, \u00e9 o plano institu\u00eddo fam\u00edlia, que est\u00e1 dispon\u00edvel para os familiares dos participantes dos fundos de pens\u00e3o at\u00e9 quarto grau. Com a possibilidade de inclus\u00e3o dos familiares nos fundos de pens\u00e3o, a Abrapp espera dobrar o n\u00famero total de participantes no sistema no m\u00e9dio prazo.<\/p>\n","protected":false},"excerpt":{"rendered":"<p>Levantamento da Abrapp mostra que 144 entidades tiveram super\u00e1vit. Sistema tem patrim\u00f4nio equivalente a 13,4% do PIB. O presidente da Abrapp acredita que o crescimento \u00e9 em raz\u00e3o dos debates sobre a reforma da Previd\u00eancia Os ativos dos fundos de pens\u00e3o ultrapassaram pela primeira vez o n\u00edvel de R$ 900 bilh\u00f5es e passaram a representar 13,4% do Produto Interno Bruto [&hellip;]<\/p>\n","protected":false},"author":27,"featured_media":0,"comment_status":"open","ping_status":"closed","sticky":false,"template":"","format":"standard","meta":{"footnotes":""},"categories":[2719],"tags":[4541,14708,865,803,153,1669,14707,1804,14709,1075,14710,9727,6767,3801,4641],"class_list":["post-11907","post","type-post","status-publish","format-standard","hentry","category-servidor","tag-abrapp","tag-associacoes-de-classe","tag-ativos","tag-categorias","tag-fundos-de-pensao","tag-participantes","tag-patrimonimo","tag-pib","tag-plano-instituido-familia","tag-profissionais","tag-quarto-grau","tag-reforma-da-previdencia","tag-rentabilidade","tag-sindicatos","tag-superavit"],"_links":{"self":[{"href":"https:\/\/blogs.correiobraziliense.com.br\/servidor\/wp-json\/wp\/v2\/posts\/11907","targetHints":{"allow":["GET"]}}],"collection":[{"href":"https:\/\/blogs.correiobraziliense.com.br\/servidor\/wp-json\/wp\/v2\/posts"}],"about":[{"href":"https:\/\/blogs.correiobraziliense.com.br\/servidor\/wp-json\/wp\/v2\/types\/post"}],"author":[{"embeddable":true,"href":"https:\/\/blogs.correiobraziliense.com.br\/servidor\/wp-json\/wp\/v2\/users\/27"}],"replies":[{"embeddable":true,"href":"https:\/\/blogs.correiobraziliense.com.br\/servidor\/wp-json\/wp\/v2\/comments?post=11907"}],"version-history":[{"count":1,"href":"https:\/\/blogs.correiobraziliense.com.br\/servidor\/wp-json\/wp\/v2\/posts\/11907\/revisions"}],"predecessor-version":[{"id":11908,"href":"https:\/\/blogs.correiobraziliense.com.br\/servidor\/wp-json\/wp\/v2\/posts\/11907\/revisions\/11908"}],"wp:attachment":[{"href":"https:\/\/blogs.correiobraziliense.com.br\/servidor\/wp-json\/wp\/v2\/media?parent=11907"}],"wp:term":[{"taxonomy":"category","embeddable":true,"href":"https:\/\/blogs.correiobraziliense.com.br\/servidor\/wp-json\/wp\/v2\/categories?post=11907"},{"taxonomy":"post_tag","embeddable":true,"href":"https:\/\/blogs.correiobraziliense.com.br\/servidor\/wp-json\/wp\/v2\/tags?post=11907"}],"curies":[{"name":"wp","href":"https:\/\/api.w.org\/{rel}","templated":true}]}}