{"id":11897,"date":"2019-02-15T12:06:11","date_gmt":"2019-02-15T14:06:11","guid":{"rendered":"https:\/\/blogs.correiobraziliense.com.br\/servidor\/?p=11897"},"modified":"2019-02-15T12:06:11","modified_gmt":"2019-02-15T14:06:11","slug":"imposto-de-renda-inscricao-de-cpf-pode-ser-feita-nos-correios","status":"publish","type":"post","link":"https:\/\/blogs.correiobraziliense.com.br\/servidor\/imposto-de-renda-inscricao-de-cpf-pode-ser-feita-nos-correios\/","title":{"rendered":"Imposto de Renda \u2013 Inscri\u00e7\u00e3o de CPF pode ser feita nos Correios"},"content":{"rendered":"<p><em>A partir deste ano, o CPF passa a ser obrigat\u00f3rio para todos os dependentes dos contribuintes que tiverem que declarar o Imposto de Renda 2019. Para a inscri\u00e7\u00e3o no cadastro, o cidad\u00e3o deve comparecer a uma ag\u00eancia dos Correios, pr\u00f3pria ou terceirizada, com a documenta\u00e7\u00e3o necess\u00e1ria e pagar o valor de R$ 7,00. O n\u00famero do documento sai na hora<\/em><\/p>\n<p>De acordo com informa\u00e7\u00e3o dos Correios, al\u00e9m da inscri\u00e7\u00e3o para quem n\u00e3o tem o documento, \u00e9 poss\u00edvel fazer tamb\u00e9m a regulariza\u00e7\u00e3o cadastral e a altera\u00e7\u00e3o de dados como data de nascimento, n\u00famero do t\u00edtulo eleitoral, endere\u00e7o, nome da m\u00e3e e a mudan\u00e7a de sexo &#8211; que era realizada somente em unidades da Receita Federal -,no estabelecimentos do \u00f3rg\u00e3o.<\/p>\n<p>Em 2018, foram realizadas pela rede de atendimento dos Correios 6,3 milh\u00f5es de inscri\u00e7\u00f5es ao cadastro, um aumento de mais de 15% em rela\u00e7\u00e3o ao ano anterior. Os Estados que se destacaram na procura pelo servi\u00e7o foram S\u00e3o Paulo, Rio de Janeiro, Minas Gerais e Bahia.<\/p>\n<p>Para a inscri\u00e7\u00e3o no cadastro, o cidad\u00e3o deve comparecer a uma ag\u00eancia dos Correios, pr\u00f3pria ou terceirizada, com a documenta\u00e7\u00e3o necess\u00e1ria e pagar o valor de R$ 7,00. O n\u00famero do documento sai na hora.<\/p>\n<p>O CPF \u00e9 utilizado para identificar o cidad\u00e3o na Receita Federal. N\u00e3o \u00e9 obrigat\u00f3rio portar o cart\u00e3o, mas o n\u00famero do cadastro \u00e9 exigido em v\u00e1rias situa\u00e7\u00f5es, principalmente em opera\u00e7\u00f5es financeiras, como abertura de contas em bancos.<\/p>\n","protected":false},"excerpt":{"rendered":"<p>A partir deste ano, o CPF passa a ser obrigat\u00f3rio para todos os dependentes dos contribuintes que tiverem que declarar o Imposto de Renda 2019. Para a inscri\u00e7\u00e3o no cadastro, o cidad\u00e3o deve comparecer a uma ag\u00eancia dos Correios, pr\u00f3pria ou terceirizada, com a documenta\u00e7\u00e3o necess\u00e1ria e pagar o valor de R$ 7,00. O n\u00famero do documento sai na hora [&hellip;]<\/p>\n","protected":false},"author":27,"featured_media":0,"comment_status":"open","ping_status":"closed","sticky":false,"template":"","format":"standard","meta":{"footnotes":""},"categories":[2719],"tags":[3745,1316,515,20,144,2319,3444,355,1291],"class_list":["post-11897","post","type-post","status-publish","format-standard","hentry","category-servidor","tag-agencia","tag-cidadao","tag-contribuintes","tag-correios","tag-cpf","tag-dependentes","tag-documentacao","tag-imposto-de-renda","tag-inscricao"],"_links":{"self":[{"href":"https:\/\/blogs.correiobraziliense.com.br\/servidor\/wp-json\/wp\/v2\/posts\/11897","targetHints":{"allow":["GET"]}}],"collection":[{"href":"https:\/\/blogs.correiobraziliense.com.br\/servidor\/wp-json\/wp\/v2\/posts"}],"about":[{"href":"https:\/\/blogs.correiobraziliense.com.br\/servidor\/wp-json\/wp\/v2\/types\/post"}],"author":[{"embeddable":true,"href":"https:\/\/blogs.correiobraziliense.com.br\/servidor\/wp-json\/wp\/v2\/users\/27"}],"replies":[{"embeddable":true,"href":"https:\/\/blogs.correiobraziliense.com.br\/servidor\/wp-json\/wp\/v2\/comments?post=11897"}],"version-history":[{"count":1,"href":"https:\/\/blogs.correiobraziliense.com.br\/servidor\/wp-json\/wp\/v2\/posts\/11897\/revisions"}],"predecessor-version":[{"id":11898,"href":"https:\/\/blogs.correiobraziliense.com.br\/servidor\/wp-json\/wp\/v2\/posts\/11897\/revisions\/11898"}],"wp:attachment":[{"href":"https:\/\/blogs.correiobraziliense.com.br\/servidor\/wp-json\/wp\/v2\/media?parent=11897"}],"wp:term":[{"taxonomy":"category","embeddable":true,"href":"https:\/\/blogs.correiobraziliense.com.br\/servidor\/wp-json\/wp\/v2\/categories?post=11897"},{"taxonomy":"post_tag","embeddable":true,"href":"https:\/\/blogs.correiobraziliense.com.br\/servidor\/wp-json\/wp\/v2\/tags?post=11897"}],"curies":[{"name":"wp","href":"https:\/\/api.w.org\/{rel}","templated":true}]}}