{"id":11878,"date":"2019-02-13T14:30:10","date_gmt":"2019-02-13T16:30:10","guid":{"rendered":"https:\/\/blogs.correiobraziliense.com.br\/servidor\/?p=11878"},"modified":"2019-02-13T14:30:10","modified_gmt":"2019-02-13T16:30:10","slug":"construcao-leva-a-parlamentares-propostas-para-gerar-1-milhao-de-empregos","status":"publish","type":"post","link":"https:\/\/blogs.correiobraziliense.com.br\/servidor\/construcao-leva-a-parlamentares-propostas-para-gerar-1-milhao-de-empregos\/","title":{"rendered":"Constru\u00e7\u00e3o leva a parlamentares propostas para gerar 1 milh\u00e3o de empregos"},"content":{"rendered":"<p><em>Mais de 200 parlamentares federais manifestaram apoio ao projeto \u2018Constru\u00e7\u00e3o: 1 Milh\u00e3o de Empregos J\u00e1\u2019, apresentado pela C\u00e2mara Brasileira da Ind\u00fastria da Constru\u00e7\u00e3o (CBIC) na manh\u00e3 quarta-feira (13), no B Hotel, em Bras\u00edlia. Senadores e deputados de todos os estados e do Distrito Federal acompanharam a apresenta\u00e7\u00e3o do conjunto de propostas que ter\u00e3o debate no Congresso e s\u00e3o destinadas a melhorar o ambiente de neg\u00f3cios e a retomada do investimento.<\/em><\/p>\n<p>O presidente da CBIC, Jos\u00e9 Carlos Martins, explicou que o setor da constru\u00e7\u00e3o vem desenvolvendo alternativas que permitam ao capital privado suprir o investimento p\u00fablico, sobrecarregado pela crise, e voltar a empreender e gerar renda e emprego. \u201cA \u00fanica forma de se sair de uma crise macroecon\u00f4mica \u00e9 via emprego, por isso n\u00f3s queremos convid\u00e1-los para esse projeto que visa a retomada do emprego formal, decente, com garantias trabalhistas, tudo dentro da lei\u201d, explicou.<\/p>\n<p>Martins afirmou que a inseguran\u00e7a jur\u00eddica inibe o investimento e que previsibilidade \u00e9 palavra b\u00e1sica para o Brasil buscar o desenvolvimento nos diversos setores, especialmente na constru\u00e7\u00e3o. \u201cN\u00e3o estamos de pires na m\u00e3o, n\u00e3o estamos pedindo benesse. Precisamos apenas ter tranquilidade para podermos trabalhar. Precisamos de seguran\u00e7a jur\u00eddica, cr\u00e9dito e planejamento. S\u00e3o bandeiras que estamos trazendo para os senhores e que j\u00e1 apresentamos ao governo federal, sinalizando nosso interesse em fazer parte da solu\u00e7\u00e3o e n\u00e3o do problema\u201d, destacou.<\/p>\n<p>Ainda de acordo com Jos\u00e9 Carlos Martins, a CBIC est\u00e1 buscando uma uni\u00e3o nacional pelo emprego e contou com o trabalho de base dos presidentes e dirigentes das 90 entidades associadas \u00e0 CBIC \u2013 sindicatos e associa\u00e7\u00f5es da constru\u00e7\u00e3o de todo o Brasil. Foram esses associados que convidaram os parlamentares de seus estados e do DF e tamb\u00e9m se fizeram presentes ao encontro de hoje, em Bras\u00edlia. O pr\u00f3ximo passo \u00e9 reunir novamente os parlamentares para aprofundar a discuss\u00e3o dos temas apresentados.<\/p>\n<p>\u201cO pa\u00eds abre uma nova p\u00e1gina de sua hist\u00f3ria, lastreada por uma demanda eloquente da popula\u00e7\u00e3o por outra forma de governar e exercitar a pol\u00edtica \u2013 cada vez mais focada no desenvolvimento do pais, no bem-estar do cidad\u00e3o e na defesa dos mais elevados interesses da sociedade. A agenda do desenvolvimento passa pela C\u00e2mara dos Deputados e pelo Senado Federal. A atua\u00e7\u00e3o de cada parlamentar tem sido, e continuar\u00e1 sendo, decisiva para o pr\u00f3ximo ciclo, que desejamos seja de recupera\u00e7\u00e3o da economia e avan\u00e7o nos mais diversos campos. O Congresso nacional tem papel decisivo a cumprir, com a apresenta\u00e7\u00e3o, o exame e a aprova\u00e7\u00e3o de neg\u00f3cios favor\u00e1vel \u00e0 retomada do investimento com seguran\u00e7a jur\u00eddica, maior previsibilidade e menos burocracia\u201d, refor\u00e7ou Martins.<\/p>\n<p>Entre os temas tratados do projeto \u2018Constru\u00e7\u00e3o: 1 Milh\u00e3o de Empregos J\u00e1\u2019 que ser\u00e3o discutidos na agenda legislativa est\u00e3o:<\/p>\n<p>\u2013 Reforma da Previd\u00eancia<\/p>\n<p>\u2013 Reforma Tribut\u00e1ria<\/p>\n<p>\u2013 Seguran\u00e7a Jur\u00eddica<\/p>\n<p>\u2013 FGTS<\/p>\n<p>\u2013 Lei de Licita\u00e7\u00f5es<\/p>\n<p>\u2013 Licenciamento Ambiental<\/p>\n<p>\u2013 \u00c1reas Contaminadas<\/p>\n<p>\u2013 Crit\u00e9rios para a paralisa\u00e7\u00e3o de obras<\/p>\n<p>\u2013 Lei Geral das Empresas de Pequeno Porte<\/p>\n<p>\u2013 Saneamento B\u00e1sico<\/p>\n<p>\u2013 Lei de Desapropria\u00e7\u00f5es<\/p>\n<p>\u2013 Securitiza\u00e7\u00e3o de Ativos<\/p>\n<p>\u2013 Garantia da obra pelo construtor (Solidez e Seguran\u00e7a das edifica\u00e7\u00f5es)<\/p>\n<p>\u2013 Aliena\u00e7\u00e3o Fiduci\u00e1ria<\/p>\n<p>\u2013 Prorroga\u00e7\u00e3o do Regime Especial Tribut\u00e1rio (RET) para obras do Programa Minha Casa Minha Vida (MCMV)<\/p>\n<p>\u2013 Redu\u00e7\u00e3o da Burocracia e Custos Cartoriais<\/p>\n<p>\u2013 Crit\u00e9rios ambientais e de sustentabilidade nas edifica\u00e7\u00f5es<\/p>\n<p><strong>A CBIC<\/strong><\/p>\n<p>Fundada em 1957, a CBIC re\u00fane 90 sindicatos e associa\u00e7\u00f5es patronais do setor da constru\u00e7\u00e3o, presentes nas 27 unidades da Federa\u00e7\u00e3o. Ela representa institucionalmente o setor e promove a integra\u00e7\u00e3o da cadeia produtiva da constru\u00e7\u00e3o em \u00e2mbito nacional, contribuindo para o desenvolvimento econ\u00f4mico e social do pa\u00eds.<\/p>\n<p>Por interm\u00e9dio de suas comiss\u00f5es t\u00e9cnicas, a CBIC publica estudos diversos, produzidos por especialistas de not\u00f3rio conhecimento, e realiza eventos multidisciplinares destinados ao debate e capacita\u00e7\u00e3o de dirigentes e empres\u00e1rios.<\/p>\n<p>A entidade tamb\u00e9m atua na articula\u00e7\u00e3o dos diversos segmentos da constru\u00e7\u00e3o como interlocutora formal no encaminhamento de temas e propostas junto aos Poderes Executivo, Legislativo e Judici\u00e1rio; agentes financiadores; al\u00e9m de outras entidades em setores diversos e a Academia. Ela posiciona a constru\u00e7\u00e3o civil e o mercado imobili\u00e1rio nos debates de interesse do Brasil e contribui com propostas para a solu\u00e7\u00e3o de problemas, tendo como interesse maior o desenvolvimento do pa\u00eds e da sua popula\u00e7\u00e3o.<\/p>\n<p>A CBIC ainda integra a Federa\u00e7\u00e3o Interamericana da Ind\u00fastria da Constru\u00e7\u00e3o (FIIC) \u00e9 filiada \u00e0 Confedera\u00e7\u00e3o Internacional das Associa\u00e7\u00f5es de Constru\u00e7\u00e3o (CICA), da qual assumiu uma das vice-presid\u00eancias.<\/p>\n","protected":false},"excerpt":{"rendered":"<p>Mais de 200 parlamentares federais manifestaram apoio ao projeto \u2018Constru\u00e7\u00e3o: 1 Milh\u00e3o de Empregos J\u00e1\u2019, apresentado pela C\u00e2mara Brasileira da Ind\u00fastria da Constru\u00e7\u00e3o (CBIC) na manh\u00e3 quarta-feira (13), no B Hotel, em Bras\u00edlia. Senadores e deputados de todos os estados e do Distrito Federal acompanharam a apresenta\u00e7\u00e3o do conjunto de propostas que ter\u00e3o debate no Congresso e s\u00e3o destinadas a [&hellip;]<\/p>\n","protected":false},"author":27,"featured_media":0,"comment_status":"open","ping_status":"closed","sticky":false,"template":"","format":"standard","meta":{"footnotes":""},"categories":[2719],"tags":[14094,100,8087,1767,12804,1298,2603,5505,4861,217,8125,3472,9958,3,4689,101,922,358,208,39,5818],"class_list":["post-11878","post","type-post","status-publish","format-standard","hentry","category-servidor","tag-cbic","tag-congresso","tag-construcao","tag-credito","tag-decente","tag-deputados","tag-empregos","tag-formal","tag-garantias","tag-investimento","tag-macroeconomia","tag-negocios","tag-paralamentares","tag-planejamento","tag-previsibilidade","tag-projeto","tag-propostas","tag-renda","tag-seguranca","tag-senadores","tag-setores"],"_links":{"self":[{"href":"https:\/\/blogs.correiobraziliense.com.br\/servidor\/wp-json\/wp\/v2\/posts\/11878","targetHints":{"allow":["GET"]}}],"collection":[{"href":"https:\/\/blogs.correiobraziliense.com.br\/servidor\/wp-json\/wp\/v2\/posts"}],"about":[{"href":"https:\/\/blogs.correiobraziliense.com.br\/servidor\/wp-json\/wp\/v2\/types\/post"}],"author":[{"embeddable":true,"href":"https:\/\/blogs.correiobraziliense.com.br\/servidor\/wp-json\/wp\/v2\/users\/27"}],"replies":[{"embeddable":true,"href":"https:\/\/blogs.correiobraziliense.com.br\/servidor\/wp-json\/wp\/v2\/comments?post=11878"}],"version-history":[{"count":1,"href":"https:\/\/blogs.correiobraziliense.com.br\/servidor\/wp-json\/wp\/v2\/posts\/11878\/revisions"}],"predecessor-version":[{"id":11879,"href":"https:\/\/blogs.correiobraziliense.com.br\/servidor\/wp-json\/wp\/v2\/posts\/11878\/revisions\/11879"}],"wp:attachment":[{"href":"https:\/\/blogs.correiobraziliense.com.br\/servidor\/wp-json\/wp\/v2\/media?parent=11878"}],"wp:term":[{"taxonomy":"category","embeddable":true,"href":"https:\/\/blogs.correiobraziliense.com.br\/servidor\/wp-json\/wp\/v2\/categories?post=11878"},{"taxonomy":"post_tag","embeddable":true,"href":"https:\/\/blogs.correiobraziliense.com.br\/servidor\/wp-json\/wp\/v2\/tags?post=11878"}],"curies":[{"name":"wp","href":"https:\/\/api.w.org\/{rel}","templated":true}]}}