{"id":11866,"date":"2019-02-12T21:09:11","date_gmt":"2019-02-12T23:09:11","guid":{"rendered":"https:\/\/blogs.correiobraziliense.com.br\/servidor\/?p=11866"},"modified":"2019-02-12T21:09:11","modified_gmt":"2019-02-12T23:09:11","slug":"servidores-denunciam-que-governo-tira-r-6-bilhoes-da-seguridade-social","status":"publish","type":"post","link":"https:\/\/blogs.correiobraziliense.com.br\/servidor\/servidores-denunciam-que-governo-tira-r-6-bilhoes-da-seguridade-social\/","title":{"rendered":"Servidores denunciam que governo tira R$ 6 bilh\u00f5es da Seguridade Social"},"content":{"rendered":"<p><em>Diversas entidades de servidores p\u00fablicos federais denunciam que o ministro da Economia, Paulo Guedes, lan\u00e7ou um decreto &#8211; assinado pelo presidente Jair Bolsonaro &#8211; que tira R$ 606.056.926.691,00 (seiscentos e seis bilh\u00f5es, cinquenta e seis milh\u00f5es, novecentos e vinte e seis milh\u00f5es, seiscentos e noventa e um reais) da Seguridade Social para outras \u00e1reas. E questionam: &#8220;cad\u00ea o rombo da Previd\u00eancia que justifica a reforma?&#8221;<\/em><\/p>\n<p>Veja o que diz o decreto 9699\/19, no Art. 1\u00ba: &#8220;Ficam transferidas, para diversos \u00f3rg\u00e3os do Poder Executivo federal, para encargos financeiros da Uni\u00e3o e para transfer\u00eancias a Estados, Distrito Federal e Munic\u00edpios, dota\u00e7\u00f5es or\u00e7ament\u00e1rias constantes dos Or\u00e7amentos Fiscal e da Seguridade Social da Uni\u00e3o (Lei n\u00ba 13.808, de 15 de janeiro de 2019), no valor de R$ 606.056.926.691,00 (seiscentos e seis bilh\u00f5es, cinquenta e seis milh\u00f5es, novecentos e vinte e seis mil, seiscentos e noventa e um reais)&#8221;.<\/p>\n<p>De acordo com a Confedera\u00e7\u00e3o Nacional dos Trabalhadores no Servi\u00e7o p\u00fablico Federal (Condsef), &#8220;a publica\u00e7\u00e3o do decreto acontece quase simultaneamente \u00e0 divulga\u00e7\u00e3o de uma minuta que traz a espinha dorsal do que o governo Bolsonaro pretende para a reforma da Previd\u00eancia. Especialistas afirmam que proposta \u00e9 pior do que a que Temer tentou aprovar&#8221;.<\/p>\n<p>&nbsp;<\/p>\n","protected":false},"excerpt":{"rendered":"<p>Diversas entidades de servidores p\u00fablicos federais denunciam que o ministro da Economia, Paulo Guedes, lan\u00e7ou um decreto &#8211; assinado pelo presidente Jair Bolsonaro &#8211; que tira R$ 606.056.926.691,00 (seiscentos e seis bilh\u00f5es, cinquenta e seis milh\u00f5es, novecentos e vinte e seis milh\u00f5es, seiscentos e noventa e um reais) da Seguridade Social para outras \u00e1reas. E questionam: &#8220;cad\u00ea o rombo da [&hellip;]<\/p>\n","protected":false},"author":27,"featured_media":0,"comment_status":"open","ping_status":"closed","sticky":false,"template":"","format":"standard","meta":{"footnotes":""},"categories":[2719],"tags":[960,1172,813,14672,711,12664,772,58],"class_list":["post-11866","post","type-post","status-publish","format-standard","hentry","category-servidor","tag-bilhoes","tag-decreto","tag-denunciam","tag-govern","tag-reforma","tag-robo","tag-seguridade-social","tag-servidores"],"_links":{"self":[{"href":"https:\/\/blogs.correiobraziliense.com.br\/servidor\/wp-json\/wp\/v2\/posts\/11866","targetHints":{"allow":["GET"]}}],"collection":[{"href":"https:\/\/blogs.correiobraziliense.com.br\/servidor\/wp-json\/wp\/v2\/posts"}],"about":[{"href":"https:\/\/blogs.correiobraziliense.com.br\/servidor\/wp-json\/wp\/v2\/types\/post"}],"author":[{"embeddable":true,"href":"https:\/\/blogs.correiobraziliense.com.br\/servidor\/wp-json\/wp\/v2\/users\/27"}],"replies":[{"embeddable":true,"href":"https:\/\/blogs.correiobraziliense.com.br\/servidor\/wp-json\/wp\/v2\/comments?post=11866"}],"version-history":[{"count":1,"href":"https:\/\/blogs.correiobraziliense.com.br\/servidor\/wp-json\/wp\/v2\/posts\/11866\/revisions"}],"predecessor-version":[{"id":11867,"href":"https:\/\/blogs.correiobraziliense.com.br\/servidor\/wp-json\/wp\/v2\/posts\/11866\/revisions\/11867"}],"wp:attachment":[{"href":"https:\/\/blogs.correiobraziliense.com.br\/servidor\/wp-json\/wp\/v2\/media?parent=11866"}],"wp:term":[{"taxonomy":"category","embeddable":true,"href":"https:\/\/blogs.correiobraziliense.com.br\/servidor\/wp-json\/wp\/v2\/categories?post=11866"},{"taxonomy":"post_tag","embeddable":true,"href":"https:\/\/blogs.correiobraziliense.com.br\/servidor\/wp-json\/wp\/v2\/tags?post=11866"}],"curies":[{"name":"wp","href":"https:\/\/api.w.org\/{rel}","templated":true}]}}