{"id":11843,"date":"2019-02-12T08:26:26","date_gmt":"2019-02-12T10:26:26","guid":{"rendered":"https:\/\/blogs.correiobraziliense.com.br\/servidor\/?p=11843"},"modified":"2019-02-10T21:32:57","modified_gmt":"2019-02-10T23:32:57","slug":"adpj-chapa-unica-concorre-a-eleicao-2019-2021","status":"publish","type":"post","link":"https:\/\/blogs.correiobraziliense.com.br\/servidor\/adpj-chapa-unica-concorre-a-eleicao-2019-2021\/","title":{"rendered":"ADPJ: Chapa \u00fanica concorre \u00e0 elei\u00e7\u00e3o 2019\/2021"},"content":{"rendered":"<p><em>A comiss\u00e3o eleitoral da Associa\u00e7\u00e3o Nacional dos Delegados de Pol\u00edcia Judici\u00e1ria (ADPJ) apresenta os candidatos ao bi\u00eanio (2019-2021), da chapa \u00fanica denominada \u201cTodos Juntos\u201d. Decidida na \u00faltima Assembleia Geral Extraordin\u00e1ria, a chapa recebe apoio dos l\u00edderes estaduais para ser constitu\u00edda e seguir para a elei\u00e7\u00e3o que acontece no pr\u00f3ximo dia 14 de fevereiro, segundo a ADPJ<\/em><\/p>\n<p>Para a presidente da ADPJ, a delegada Cinthia Paula de Lima, este \u00e9 um momento muito importante para Institui\u00e7\u00e3o e requer inser\u00e7\u00e3o de todos os associados para que de forma democr\u00e1tica elejam aqueles que ir\u00e3o representa-los nos pr\u00f3ximos dois anos. \u201cSabemos a import\u00e2ncia da representatividade classista por essa raz\u00e3o convidamos todos para que compare\u00e7am e participem de forma ativa para decidirmos o futuro da carreira judici\u00e1ria\u201d, afirma.<\/p>\n<p>As elei\u00e7\u00f5es acontecem no dia 14 de fevereiro, das 15h \u00e0s 19h, na sede do Sindicato dos Delegados de Pol\u00edcia do Distrito Federal (Sindepo-DF),no Setor de Clubes Esportivos Sul, trecho 2 Clube da Adepol &#8211; Asa Sul, SCES Trecho 2 lote 25, Bras\u00edlia\/DF;<\/p>\n<p>Candidatos da chapa \u201cTodos Juntos\u201d:<\/p>\n<p><strong>Presidente:<\/strong> Rafael de S\u00e1 Sampaio (DF)<br \/>\n1\u00ba Vice-Presidente: Pedro Filipe C C de Andrade (PR)<br \/>\n2\u00ba Vice-Presidente: Gustavo Mesquita Galv\u00e3o Bueno (SP)<br \/>\n3\u00ba Vice-Presidente: Steferson Gomes Nogueira Vieira (PB)<br \/>\n1\u00ba Secret\u00e1rio: Paoulla Benevides Mau\u00e9s de Castro (RN)<br \/>\n2\u00ba Secret\u00e1rio: Renato Eduardo de Souza (RO)<\/p>\n<p><strong>Diretoria Financeira<\/strong><br \/>\nJos\u00e9 Werick de Carvalho (DF),<br \/>\nAndr\u00e9 Fagundes Mendes (RO),<br \/>\nEvandro Luiz dos Santos (RN)<\/p>\n<p><strong>Diretoria Parlamentar<\/strong><br \/>\nMarco Ant\u00f4nio Duarte de Souza (RS),<br \/>\nThiago Frederico de Souza Costa (DF),<br \/>\nArnaldo Rocha J\u00fanior (SP)<\/p>\n<p><strong>Diretoria Jur\u00eddica<\/strong><br \/>\nAdriano Sousa Costa (GO),<br \/>\nDario Elias Nassif (SP)<br \/>\nVyctor Hugo Guaita Grotti (PR)<\/p>\n<p><strong>Diretoria de Comunica\u00e7\u00e3o e Eventos<\/strong><br \/>\nCleylton Videira dos Santos (AC),<br \/>\nSilvana Nunes Ferreira (GO)<br \/>\nMarcos Paulo dos Santos Vilela (PB)<\/p>\n<p><strong>Diretoria de Aposentados<\/strong><br \/>\nJo\u00e3o Ricardo K\u00e9pes Noronha (PR),<br \/>\nPaulo Roberto D\u2019Almeida (DF)<br \/>\nAbrah\u00e3o Jose Kfouri Filho (SP)<\/p>\n<p><strong>Diretoria da Escola Superior de Pol\u00edcia Judici\u00e1ria<\/strong><br \/>\nHerta de Fran\u00e7a Costa (PB),<br \/>\nHenrique Hoffman Monteiro de Castro(PR)<br \/>\nGylson Mariano Ferreira (GO)<\/p>\n<p><strong>Conselho Fiscal<\/strong><br \/>\n1- Bergson Almeida de Vasconcelos (PB)<br \/>\n2- Rodrigo Machado Reis (RS)<br \/>\n3- Rodrigo Mendes (GO)<\/p>\n<p><strong>Suplentes<\/strong><br \/>\n1- Claudio Henrique Freitas de Oliveira (RN)<br \/>\n2- Karlesso Nespoli Rodrigues (AC)<br \/>\n3- Claudia Aparecida Alc\u00e2ntara (DF)<\/p>\n","protected":false},"excerpt":{"rendered":"<p>A comiss\u00e3o eleitoral da Associa\u00e7\u00e3o Nacional dos Delegados de Pol\u00edcia Judici\u00e1ria (ADPJ) apresenta os candidatos ao bi\u00eanio (2019-2021), da chapa \u00fanica denominada \u201cTodos Juntos\u201d. Decidida na \u00faltima Assembleia Geral Extraordin\u00e1ria, a chapa recebe apoio dos l\u00edderes estaduais para ser constitu\u00edda e seguir para a elei\u00e7\u00e3o que acontece no pr\u00f3ximo dia 14 de fevereiro, segundo a ADPJ Para a presidente da [&hellip;]<\/p>\n","protected":false},"author":27,"featured_media":0,"comment_status":"open","ping_status":"closed","sticky":false,"template":"","format":"standard","meta":{"footnotes":""},"categories":[2719],"tags":[14649,178,3918,1150,232,2021,14650,1689,1961,14651,535,2974],"class_list":["post-11843","post","type-post","status-publish","format-standard","hentry","category-servidor","tag-adpj","tag-candidatos","tag-chapa","tag-comissao","tag-delegados","tag-eleicoes","tag-eleitoal","tag-estaduais","tag-lideres","tag-policia-judiciaria","tag-representatividade","tag-unica"],"_links":{"self":[{"href":"https:\/\/blogs.correiobraziliense.com.br\/servidor\/wp-json\/wp\/v2\/posts\/11843","targetHints":{"allow":["GET"]}}],"collection":[{"href":"https:\/\/blogs.correiobraziliense.com.br\/servidor\/wp-json\/wp\/v2\/posts"}],"about":[{"href":"https:\/\/blogs.correiobraziliense.com.br\/servidor\/wp-json\/wp\/v2\/types\/post"}],"author":[{"embeddable":true,"href":"https:\/\/blogs.correiobraziliense.com.br\/servidor\/wp-json\/wp\/v2\/users\/27"}],"replies":[{"embeddable":true,"href":"https:\/\/blogs.correiobraziliense.com.br\/servidor\/wp-json\/wp\/v2\/comments?post=11843"}],"version-history":[{"count":1,"href":"https:\/\/blogs.correiobraziliense.com.br\/servidor\/wp-json\/wp\/v2\/posts\/11843\/revisions"}],"predecessor-version":[{"id":11844,"href":"https:\/\/blogs.correiobraziliense.com.br\/servidor\/wp-json\/wp\/v2\/posts\/11843\/revisions\/11844"}],"wp:attachment":[{"href":"https:\/\/blogs.correiobraziliense.com.br\/servidor\/wp-json\/wp\/v2\/media?parent=11843"}],"wp:term":[{"taxonomy":"category","embeddable":true,"href":"https:\/\/blogs.correiobraziliense.com.br\/servidor\/wp-json\/wp\/v2\/categories?post=11843"},{"taxonomy":"post_tag","embeddable":true,"href":"https:\/\/blogs.correiobraziliense.com.br\/servidor\/wp-json\/wp\/v2\/tags?post=11843"}],"curies":[{"name":"wp","href":"https:\/\/api.w.org\/{rel}","templated":true}]}}