{"id":11839,"date":"2019-02-10T20:51:26","date_gmt":"2019-02-10T22:51:26","guid":{"rendered":"https:\/\/blogs.correiobraziliense.com.br\/servidor\/?p=11839"},"modified":"2019-02-10T20:51:26","modified_gmt":"2019-02-10T22:51:26","slug":"ufscar-curso-de-especializacao-a-distancia-aborda-envelhecimento-e-saude-da-pessoa-idosa","status":"publish","type":"post","link":"https:\/\/blogs.correiobraziliense.com.br\/servidor\/ufscar-curso-de-especializacao-a-distancia-aborda-envelhecimento-e-saude-da-pessoa-idosa\/","title":{"rendered":"UFSCar &#8211; Curso de especializa\u00e7\u00e3o a dist\u00e2ncia aborda envelhecimento e sa\u00fade da pessoa idosa"},"content":{"rendered":"<div style=\"text-align: left\" align=\"center\"><span><em>Inscri\u00e7\u00f5es at\u00e9 <span id=\"OBJ_PREFIX_DWT656_com_zimbra_date\" class=\"Object\" role=\"link\"><span id=\"OBJ_PREFIX_DWT674_com_zimbra_date\" class=\"Object\" role=\"link\">5 de mar<\/span><\/span>\u00e7o. A especializa\u00e7\u00e3o tem disciplinas que abordam a Epidemiologia do Envelhecimento (os principais fatores que determinam o processo de envelhecer), problemas decorrentes do envelhecimento humano e provid\u00eancias que podem e devem ser tomadas. Prepara o profissional para empreender neg\u00f3cios que proponham assist\u00eancia qualificada aos idosos<\/em><br \/>\n<\/span><\/div>\n<div align=\"center\"><\/div>\n<div align=\"justify\"><span>A Universidade Federal de S\u00e3o Carlos (UFSCar) est\u00e1 com inscri\u00e7\u00f5es abertas para a especializa\u00e7\u00e3o em Envelhecimento e Sa\u00fade da Pessoa Idosa. Na d\u00e9cima edi\u00e7\u00e3o, o curso \u00e9 destinado a profissionais de Fisioterapia, Gerontologia, Educa\u00e7\u00e3o F\u00edsica, Enfermagem, Terapia Ocupacional e outros da \u00e1rea da Sa\u00fade para atua\u00e7\u00e3o na preven\u00e7\u00e3o e na minimiza\u00e7\u00e3o dos efeitos do processo de envelhecimento e no cuidado sobre defici\u00eancias e incapacidades j\u00e1 instaladas, comuns na popula\u00e7\u00e3o geri\u00e1trica.<\/span><\/div>\n<div align=\"justify\"><span><br \/>\n&#8220;O objetivo do curso \u00e9 preparar o profissional para lidar adequadamente com todas as situa\u00e7\u00f5es presentes na assist\u00eancia \u00e0 sa\u00fade do idoso e, ao mesmo tempo, relacionar-se com outros profissionais da \u00e1rea e mesmo propor projetos institucionais nesse campo&#8221;, explica Jos\u00e9 Rubens Rebelatto, professor do Departamento de Fisioterapia (DFisio) e Coordenador Geral do curso.<\/span><\/div>\n<div align=\"justify\"><span><br \/>\nA oferta \u00e9 na modalidade a dist\u00e2ncia, com tr\u00eas encontros presenciais, em um total de 360 horas-aula. A partir de um m\u00e9todo de educa\u00e7\u00e3o flex\u00edvel, o aluno pode gerenciar com autonomia o seu hor\u00e1rio e o seu local de estudo. &#8220;As atividades a dist\u00e2ncia s\u00e3o feitas por meio de webconfer\u00eancias e videoaulas. Nas primeiras, os alunos t\u00eam contato direto com o professor que, ao mesmo tempo em que d\u00e1 a aula, responde a perguntas. Nas videoaulas, o tema \u00e9 gravado e o aluno assiste quantas vezes quiser. Em ambos os modelos, existem exerc\u00edcios a serem feitos e enviados via web&#8221;, detalha Rebelatto.<\/span><\/div>\n<div align=\"justify\"><span><br \/>\nA especializa\u00e7\u00e3o est\u00e1 organizada em disciplinas que abordam desde a Epidemiologia do Envelhecimento (os principais fatores que determinam o processo de envelhecer), passando pelos v\u00e1rios problemas decorrentes do envelhecimento humano e das provid\u00eancias que podem e devem ser tomadas. Al\u00e9m disso, prepara o profissional para empreender neg\u00f3cios que proponham uma assist\u00eancia qualificada para os idosos.<br \/>\n<\/span><\/div>\n<div align=\"justify\"><\/div>\n<div align=\"justify\"><span>O corpo docente \u00e9 composto por professores com mestrado ou doutorado na \u00e1rea, da UFSCar e de outras universidades brasileiras de refer\u00eancia, e reconhecidamente autoridades no assunto.<\/p>\n<p><strong>Inscri\u00e7\u00f5es<\/strong><br \/>\nAs vagas s\u00e3o limitadas e as inscri\u00e7\u00f5es podem ser feitas at\u00e9 o dia <span id=\"OBJ_PREFIX_DWT657_com_zimbra_date\" class=\"Object\" role=\"link\"><span id=\"OBJ_PREFIX_DWT675_com_zimbra_date\" class=\"Object\" role=\"link\">5 de mar<\/span><\/span>\u00e7o. Mais informa\u00e7\u00f5es, incluindo valores, descontos e documentos necess\u00e1rios para inscri\u00e7\u00e3o, devem ser consultadas no site <span id=\"OBJ_PREFIX_DWT658_com_zimbra_url\" class=\"Object\" role=\"link\"><span id=\"OBJ_PREFIX_DWT676_com_zimbra_url\" class=\"Object\" role=\"link\"><a href=\"http:\/\/www.portaldoidosoativo.ufscar.br\" target=\"_blank\" rel=\"noopener\">www.portaldoidosoativo.ufscar.br<\/a><\/span><\/span>.<br \/>\nA especializa\u00e7\u00e3o \u00e9 promovida pelo Laborat\u00f3rio Multidisciplinar de Pesquisa em Sa\u00fade do Idoso (LaPeSI) do DFisio da UFSCar, com apoio da Pr\u00f3-Reitoria de Extens\u00e3o (ProEx) e da Secretaria Geral de Educa\u00e7\u00e3o a Dist\u00e2ncia (SEaD) da Universidade. D\u00favidas podem ser esclarecidas pelo e-mail <span id=\"OBJ_PREFIX_DWT659_ZmEmailObjectHandler\" class=\"Object\" role=\"link\"><span id=\"OBJ_PREFIX_DWT677_ZmEmailObjectHandler\" class=\"Object\" role=\"link\">revita@ufscar.br<\/span><\/span> ou pelo telefone <span id=\"OBJ_PREFIX_DWT660_com_zimbra_phone\" class=\"Object\" role=\"link\"><a href=\"%2816%29%2099309-0665\">(16) 99309-0665<\/a><\/span>.<\/span><\/div>\n","protected":false},"excerpt":{"rendered":"<p>Inscri\u00e7\u00f5es at\u00e9 5 de mar\u00e7o. A especializa\u00e7\u00e3o tem disciplinas que abordam a Epidemiologia do Envelhecimento (os principais fatores que determinam o processo de envelhecer), problemas decorrentes do envelhecimento humano e provid\u00eancias que podem e devem ser tomadas. Prepara o profissional para empreender neg\u00f3cios que proponham assist\u00eancia qualificada aos idosos A Universidade Federal de S\u00e3o Carlos (UFSCar) est\u00e1 com inscri\u00e7\u00f5es abertas [&hellip;]<\/p>\n","protected":false},"author":27,"featured_media":0,"comment_status":"open","ping_status":"closed","sticky":false,"template":"","format":"standard","meta":{"footnotes":""},"categories":[2719],"tags":[12610,3653,4342,6626,443,14643,781,3596,616,14642],"class_list":["post-11839","post","type-post","status-publish","format-standard","hentry","category-servidor","tag-cuidado","tag-deficiencias","tag-distancia","tag-envelhecimento","tag-idosos","tag-incapacidades","tag-inscricoes","tag-prevencao","tag-saude","tag-ufscar-especializacao"],"_links":{"self":[{"href":"https:\/\/blogs.correiobraziliense.com.br\/servidor\/wp-json\/wp\/v2\/posts\/11839","targetHints":{"allow":["GET"]}}],"collection":[{"href":"https:\/\/blogs.correiobraziliense.com.br\/servidor\/wp-json\/wp\/v2\/posts"}],"about":[{"href":"https:\/\/blogs.correiobraziliense.com.br\/servidor\/wp-json\/wp\/v2\/types\/post"}],"author":[{"embeddable":true,"href":"https:\/\/blogs.correiobraziliense.com.br\/servidor\/wp-json\/wp\/v2\/users\/27"}],"replies":[{"embeddable":true,"href":"https:\/\/blogs.correiobraziliense.com.br\/servidor\/wp-json\/wp\/v2\/comments?post=11839"}],"version-history":[{"count":1,"href":"https:\/\/blogs.correiobraziliense.com.br\/servidor\/wp-json\/wp\/v2\/posts\/11839\/revisions"}],"predecessor-version":[{"id":11840,"href":"https:\/\/blogs.correiobraziliense.com.br\/servidor\/wp-json\/wp\/v2\/posts\/11839\/revisions\/11840"}],"wp:attachment":[{"href":"https:\/\/blogs.correiobraziliense.com.br\/servidor\/wp-json\/wp\/v2\/media?parent=11839"}],"wp:term":[{"taxonomy":"category","embeddable":true,"href":"https:\/\/blogs.correiobraziliense.com.br\/servidor\/wp-json\/wp\/v2\/categories?post=11839"},{"taxonomy":"post_tag","embeddable":true,"href":"https:\/\/blogs.correiobraziliense.com.br\/servidor\/wp-json\/wp\/v2\/tags?post=11839"}],"curies":[{"name":"wp","href":"https:\/\/api.w.org\/{rel}","templated":true}]}}