{"id":11836,"date":"2019-02-11T06:49:51","date_gmt":"2019-02-11T08:49:51","guid":{"rendered":"https:\/\/blogs.correiobraziliense.com.br\/servidor\/?p=11836"},"modified":"2019-02-10T19:54:55","modified_gmt":"2019-02-10T21:54:55","slug":"raquel-dodge-tenta-abafar-protestos","status":"publish","type":"post","link":"https:\/\/blogs.correiobraziliense.com.br\/servidor\/raquel-dodge-tenta-abafar-protestos\/","title":{"rendered":"Raquel Dodge tenta abafar protestos"},"content":{"rendered":"<p><em>A procuradora-geral da Rep\u00fablica, Raquel Dodge, jogou \u00e1gua fria na inten\u00e7\u00e3o dos membros do Minist\u00e9rio P\u00fablico Federal (MPF) de abandonar cargos em grupos de trabalho, representa\u00e7\u00f5es e coordena\u00e7\u00f5es<\/em><\/p>\n<p>Ao sentir a press\u00e3o para abrir espa\u00e7o para mais um penduricalho &#8211; gratifica\u00e7\u00e3o por ac\u00famulo de fun\u00e7\u00f5es \u2013 agiu r\u00e1pido pelas redes internas e apaziguou os \u00e2nimos. Com o restabelecimento do di\u00e1logo, a Associa\u00e7\u00e3o Nacional dos Procuradores da Rep\u00fablica (ANPR) j\u00e1 come\u00e7a a admitir que a mobiliza\u00e7\u00e3o para o protesto, que teria in\u00edcio hoje, naturalmente se dissolver\u00e1. Na mensagem, Dodge diz que compreende \u201co ato de entrega de fun\u00e7\u00f5es, mesmo dele discordando\u201d. Chama a aten\u00e7\u00e3o para o momento de crise do pa\u00eds e para a inoportuna expans\u00e3o de gastos do dinheiro p\u00fablico. E d\u00e1 um pux\u00e3o de orelha: \u201co prop\u00f3sito de defesa da integridade do MPF dispensa a exposi\u00e7\u00e3o gratuita da institui\u00e7\u00e3o \u00e0 opini\u00e3o p\u00fablica, consequ\u00eancia natural de eventual entrega de fun\u00e7\u00f5es\u201d, afirma.<\/p>\n<p>\u201cDevo zelar para que a exposi\u00e7\u00e3o p\u00fablica j\u00e1 desencadeada pelo extravasamento de pauta reivindicat\u00f3ria corporativa \u2013 reitero \u2013 de dif\u00edcil compreens\u00e3o por formadores de opini\u00e3o e pela sociedade, n\u00e3o seja compreendida como ato contr\u00e1rio \u00e0 lei, nem desproporcional ao justo, e muito menos indiferente \u00e0 fase da vida nacional marcada por grandes trag\u00e9dias evit\u00e1veis, por elevado deficit p\u00fablico e por milh\u00f5es de desempregados e exclu\u00eddos. Renovo meu convite \u00e0 retomada do di\u00e1logo, para o qual sempre estou dispon\u00edvel\u201d, diz Dodge na mensagem. Em outro trecho, ela fala da preocupa\u00e7\u00e3o com a credibilidade do MPF e convida os colegas para \u201cuma reflex\u00e3o sobre o dia de amanh\u00e3 (11\/02), data para a qual nossa Associa\u00e7\u00e3o Nacional de Procuradores da Rep\u00fablica (ANPR) marcou a entrega de fun\u00e7\u00f5es &#8216;como ato concreto de protesto e posicionamento&#8217;\u201d.<\/p>\n<p>\u201cQuer\u00edamos justamente isso. Mas ainda falta ela marcar sess\u00e3o extraordin\u00e1ria do Conselho Superior do Minist\u00e9rio P\u00fablico Federal (CSMPF) para sentarmos e resolvermos as pend\u00eancias\u201d, afirma Jos\u00e9 Robalinho Cavalcanti, presidente da ANPR e principal articulador da mobiliza\u00e7\u00e3o. Ele insiste que a assimetria remunerat\u00f3ria com os ju\u00edzes \u00e9 fundamental e que isso s\u00f3 depende da mudan\u00e7a na f\u00f3rmula de c\u00e1lculo para expandir o pagamento da gratifica\u00e7\u00e3o a maior n\u00famero de membros. \u201cMesmo com o aumento de 16,38%, com o fim do aux\u00edlio-moradia, na primeira inst\u00e2ncia, houve queda mensal dos subs\u00eddios em torno de R$ 1,2 mil\u201d. Questionado se n\u00e3o seria o caso de o dinheiro do aux\u00edlio-moradia retornar ao caixa do Tesouro para colaborar com o ajuste fiscal, Robalinho explicou que \u201cisso n\u00e3o existe, porque prejudicaria o futuro do MPF, seria uma forma de encolher o or\u00e7amento nos pr\u00f3ximos anos\u201d.<\/p>\n<p>Especialistas em finan\u00e7as p\u00fablicas, no entanto, alertam que Robalinho fez uma \u201cdistor\u00e7\u00e3o\u201d proposital no ritual or\u00e7ament\u00e1rio. De acordo com eles, o dinheiro que era usado no aux\u00edlio-moradia, cuja quantia foi mantida em 2019, n\u00e3o est\u00e1 exatamente sobrando e nem ser\u00e1 devolvido. \u201cEsses recursos podem ser investidos em custeio ou em projetos importantes. Cabe lembrar que, em passado n\u00e3o muito distante, a classe reclamava de falta de verba para viagens, di\u00e1rias, gasolina, entre outras. Houve categorias que fizeram campanha para n\u00e3o usar ve\u00edculos sem vistoria e sem condi\u00e7\u00f5es de trafegar. Ent\u00e3o, chegou a oportunidade de o dinheiro que saiu do aux\u00edlio-moradia, que era indenizat\u00f3rio e n\u00e3o integrava o sal\u00e1rio, ir para fun\u00e7\u00f5es mais nobres\u201d, criticou um t\u00e9cnico que n\u00e3o quis se identificar.<\/p>\n","protected":false},"excerpt":{"rendered":"<p>A procuradora-geral da Rep\u00fablica, Raquel Dodge, jogou \u00e1gua fria na inten\u00e7\u00e3o dos membros do Minist\u00e9rio P\u00fablico Federal (MPF) de abandonar cargos em grupos de trabalho, representa\u00e7\u00f5es e coordena\u00e7\u00f5es Ao sentir a press\u00e3o para abrir espa\u00e7o para mais um penduricalho &#8211; gratifica\u00e7\u00e3o por ac\u00famulo de fun\u00e7\u00f5es \u2013 agiu r\u00e1pido pelas redes internas e apaziguou os \u00e2nimos. Com o restabelecimento do di\u00e1logo, [&hellip;]<\/p>\n","protected":false},"author":27,"featured_media":0,"comment_status":"open","ping_status":"closed","sticky":false,"template":"","format":"standard","meta":{"footnotes":""},"categories":[2719],"tags":[14641,4959,343,791,14637,5630,1133,1924,1169,14640,14630,344,5157,481,453,318,14639,548,718,14638,8381,316,2453],"class_list":["post-11836","post","type-post","status-publish","format-standard","hentry","category-servidor","tag-acumulo-de-funcoes","tag-anpr","tag-auxilio-moradia","tag-cargos","tag-coordenacoes","tag-csmpf","tag-dialogo","tag-exposicao","tag-gastos","tag-gratifiacao","tag-grupos-de-trabalho","tag-juizes","tag-membro","tag-mobilizacao","tag-mpf","tag-orcamento","tag-penduricalho","tag-pgr","tag-protesto","tag-prssao","tag-raquel-dodge","tag-recursos","tag-representacoes"],"_links":{"self":[{"href":"https:\/\/blogs.correiobraziliense.com.br\/servidor\/wp-json\/wp\/v2\/posts\/11836","targetHints":{"allow":["GET"]}}],"collection":[{"href":"https:\/\/blogs.correiobraziliense.com.br\/servidor\/wp-json\/wp\/v2\/posts"}],"about":[{"href":"https:\/\/blogs.correiobraziliense.com.br\/servidor\/wp-json\/wp\/v2\/types\/post"}],"author":[{"embeddable":true,"href":"https:\/\/blogs.correiobraziliense.com.br\/servidor\/wp-json\/wp\/v2\/users\/27"}],"replies":[{"embeddable":true,"href":"https:\/\/blogs.correiobraziliense.com.br\/servidor\/wp-json\/wp\/v2\/comments?post=11836"}],"version-history":[{"count":2,"href":"https:\/\/blogs.correiobraziliense.com.br\/servidor\/wp-json\/wp\/v2\/posts\/11836\/revisions"}],"predecessor-version":[{"id":11838,"href":"https:\/\/blogs.correiobraziliense.com.br\/servidor\/wp-json\/wp\/v2\/posts\/11836\/revisions\/11838"}],"wp:attachment":[{"href":"https:\/\/blogs.correiobraziliense.com.br\/servidor\/wp-json\/wp\/v2\/media?parent=11836"}],"wp:term":[{"taxonomy":"category","embeddable":true,"href":"https:\/\/blogs.correiobraziliense.com.br\/servidor\/wp-json\/wp\/v2\/categories?post=11836"},{"taxonomy":"post_tag","embeddable":true,"href":"https:\/\/blogs.correiobraziliense.com.br\/servidor\/wp-json\/wp\/v2\/tags?post=11836"}],"curies":[{"name":"wp","href":"https:\/\/api.w.org\/{rel}","templated":true}]}}