{"id":1183,"date":"2016-03-04T17:23:53","date_gmt":"2016-03-04T20:23:53","guid":{"rendered":"https:\/\/blogs.correiobraziliense.com.br\/servidor\/?p=1183"},"modified":"2016-03-04T17:23:53","modified_gmt":"2016-03-04T20:23:53","slug":"nota-de-repudio-do-tcu","status":"publish","type":"post","link":"https:\/\/blogs.correiobraziliense.com.br\/servidor\/nota-de-repudio-do-tcu\/","title":{"rendered":"NOTA DE REP\u00daDIO DO TCU"},"content":{"rendered":"<p>O Tribunal de Contas da Uni\u00e3o vem a p\u00fablico manifestar seu rep\u00fadio \u00e0s declara\u00e7\u00f5es do Ministro-Chefe da Advocacia-Geral da Uni\u00e3o, Lu\u00eds In\u00e1cio Adams, quando, durante audi\u00eancia p\u00fablica na Comiss\u00e3o Mista de Or\u00e7amento do Congresso Nacional, de forma equivocada, afirmou que a aprecia\u00e7\u00e3o do Tribunal de Contas da Uni\u00e3o sobre as contas prestadas pela Presidente da Rep\u00fablica referentes ao exerc\u00edcio de 2014 foi emitida com base em \u201cmanipula\u00e7\u00e3o de conceitos\u201d.<\/p>\n<p>A leitura do relat\u00f3rio e do parecer pr\u00e9vio revela, de forma inequ\u00edvoca, que a delibera\u00e7\u00e3o un\u00e2nime do TCU se fundamentou em an\u00e1lise t\u00e9cnica. A atua\u00e7\u00e3o do Tribunal no exame das contas conferiu maior transpar\u00eancia aos n\u00fameros do setor p\u00fablico brasileiro.<\/p>\n<p><strong>Tribunal de Contas da Uni\u00e3o<\/strong><\/p>\n","protected":false},"excerpt":{"rendered":"<p>O Tribunal de Contas da Uni\u00e3o vem a p\u00fablico manifestar seu rep\u00fadio \u00e0s declara\u00e7\u00f5es do Ministro-Chefe da Advocacia-Geral da Uni\u00e3o, Lu\u00eds In\u00e1cio Adams, quando, durante audi\u00eancia p\u00fablica na Comiss\u00e3o Mista de Or\u00e7amento do Congresso Nacional, de forma equivocada, afirmou que a aprecia\u00e7\u00e3o do Tribunal de Contas da Uni\u00e3o sobre as contas prestadas pela Presidente da Rep\u00fablica referentes ao exerc\u00edcio de [&hellip;]<\/p>\n","protected":false},"author":27,"featured_media":0,"comment_status":"open","ping_status":"closed","sticky":false,"template":"","format":"standard","meta":{"footnotes":""},"categories":[1],"tags":[157,1220,1222,693,1218,1219,1221,37,1217,635],"class_list":["post-1183","post","type-post","status-publish","format-standard","hentry","category-sem-categoria","tag-agu","tag-audiencia-publica","tag-conceitos","tag-congresso-nacional","tag-declaracoes","tag-luis-inacio-adams","tag-manipulacao","tag-nota","tag-repudio","tag-tcu"],"_links":{"self":[{"href":"https:\/\/blogs.correiobraziliense.com.br\/servidor\/wp-json\/wp\/v2\/posts\/1183","targetHints":{"allow":["GET"]}}],"collection":[{"href":"https:\/\/blogs.correiobraziliense.com.br\/servidor\/wp-json\/wp\/v2\/posts"}],"about":[{"href":"https:\/\/blogs.correiobraziliense.com.br\/servidor\/wp-json\/wp\/v2\/types\/post"}],"author":[{"embeddable":true,"href":"https:\/\/blogs.correiobraziliense.com.br\/servidor\/wp-json\/wp\/v2\/users\/27"}],"replies":[{"embeddable":true,"href":"https:\/\/blogs.correiobraziliense.com.br\/servidor\/wp-json\/wp\/v2\/comments?post=1183"}],"version-history":[{"count":1,"href":"https:\/\/blogs.correiobraziliense.com.br\/servidor\/wp-json\/wp\/v2\/posts\/1183\/revisions"}],"predecessor-version":[{"id":1184,"href":"https:\/\/blogs.correiobraziliense.com.br\/servidor\/wp-json\/wp\/v2\/posts\/1183\/revisions\/1184"}],"wp:attachment":[{"href":"https:\/\/blogs.correiobraziliense.com.br\/servidor\/wp-json\/wp\/v2\/media?parent=1183"}],"wp:term":[{"taxonomy":"category","embeddable":true,"href":"https:\/\/blogs.correiobraziliense.com.br\/servidor\/wp-json\/wp\/v2\/categories?post=1183"},{"taxonomy":"post_tag","embeddable":true,"href":"https:\/\/blogs.correiobraziliense.com.br\/servidor\/wp-json\/wp\/v2\/tags?post=1183"}],"curies":[{"name":"wp","href":"https:\/\/api.w.org\/{rel}","templated":true}]}}