{"id":11824,"date":"2019-02-09T19:20:36","date_gmt":"2019-02-09T21:20:36","guid":{"rendered":"https:\/\/blogs.correiobraziliense.com.br\/servidor\/?p=11824"},"modified":"2019-02-09T19:20:36","modified_gmt":"2019-02-09T21:20:36","slug":"cnt-vai-ao-stf-em-defesa-da-reforma-trabalhista","status":"publish","type":"post","link":"https:\/\/blogs.correiobraziliense.com.br\/servidor\/cnt-vai-ao-stf-em-defesa-da-reforma-trabalhista\/","title":{"rendered":"CNT vai ao STF em defesa da Reforma Trabalhista"},"content":{"rendered":"<p><em>A Confedera\u00e7\u00e3o Nacional do Transporte (CNT), ajuizou ontem (08\/02), no Supremo Tribunal Federal (STF), solicita\u00e7\u00e3o para ingressar como amicus curie* nas a\u00e7\u00f5es diretas de inconstitucionalidade 5870 e 6069 em defesa da Reforma Trabalhista e, principalmente, em defesa do limite estabelecido para indeniza\u00e7\u00f5es extrapatrimoniais, motivadas por dano moral, est\u00e9tico ou existencial<\/em><\/p>\n<p>A ADI 6069 foi ajuizada pelo Conselho Federal da Ordem dos Advogados do Brasil (CFOAB) contestando o teto de 50 sal\u00e1rios do empregado em casos de pedidos indeniza\u00e7\u00e3o contra empresas nas causas trabalhistas de cunho extrapatrimonial.<\/p>\n<p>A a\u00e7\u00e3o da OAB, por determina\u00e7\u00e3o do Ministro Gilmar Mendes, foi apensada \u00e0 ADI 5870, ajuizada pela Associa\u00e7\u00e3o Nacional dos Magistrados da Justi\u00e7a do Trabalho (Anamatra), que trata de tema semelhante, por isso, a CNT solicitou o ingresso nas duas ADIs.<\/p>\n<p>A Confedera\u00e7\u00e3o v\u00ea oportunismo na a\u00e7\u00e3o da OAB e uma tentativa de proteger interesses de maus advogados, que se aproveitam dos trabalhadores para requerer indeniza\u00e7\u00f5es desproporcionais, algumas milion\u00e1rias.<\/p>\n<p>\u201cA Nova Lei Trabalhista colocou um freio nesse tipo de a\u00e7\u00e3o inescrupulosa, que chegou a quebrar v\u00e1rias empresas id\u00f4neas e enriqueceu muitos advogados espertos\u201d, explicou o presidente da CNT, Cl\u00e9sio Andrade.<\/p>\n<p>*Amicus curiae, \u201camigo da corte\/tribunal\u201d, \u00e9 uma express\u00e3o em Latim que designa uma institui\u00e7\u00e3o se que prontifica a fornecer informa\u00e7\u00f5es e argumentos para subsidiar decis\u00f5es dos tribunais sobre quest\u00f5es relevantes e de grande impacto social.<\/p>\n","protected":false},"excerpt":{"rendered":"<p>A Confedera\u00e7\u00e3o Nacional do Transporte (CNT), ajuizou ontem (08\/02), no Supremo Tribunal Federal (STF), solicita\u00e7\u00e3o para ingressar como amicus curie* nas a\u00e7\u00f5es diretas de inconstitucionalidade 5870 e 6069 em defesa da Reforma Trabalhista e, principalmente, em defesa do limite estabelecido para indeniza\u00e7\u00f5es extrapatrimoniais, motivadas por dano moral, est\u00e9tico ou existencial A ADI 6069 foi ajuizada pelo Conselho Federal da Ordem [&hellip;]<\/p>\n","protected":false},"author":27,"featured_media":0,"comment_status":"open","ping_status":"closed","sticky":false,"template":"","format":"standard","meta":{"footnotes":""},"categories":[2719],"tags":[265,10994,1408,12933,6276,10332,576,390,14625,9362,7269,378,9253,4763],"class_list":["post-11824","post","type-post","status-publish","format-standard","hentry","category-servidor","tag-advogados","tag-amicus-curiae","tag-anamatra","tag-cfoab","tag-cnt","tag-dano-moral","tag-empregado","tag-empresas","tag-estetico","tag-existencial","tag-indenizacoes","tag-oab","tag-reforma-trabalhista","tag-srf"],"_links":{"self":[{"href":"https:\/\/blogs.correiobraziliense.com.br\/servidor\/wp-json\/wp\/v2\/posts\/11824","targetHints":{"allow":["GET"]}}],"collection":[{"href":"https:\/\/blogs.correiobraziliense.com.br\/servidor\/wp-json\/wp\/v2\/posts"}],"about":[{"href":"https:\/\/blogs.correiobraziliense.com.br\/servidor\/wp-json\/wp\/v2\/types\/post"}],"author":[{"embeddable":true,"href":"https:\/\/blogs.correiobraziliense.com.br\/servidor\/wp-json\/wp\/v2\/users\/27"}],"replies":[{"embeddable":true,"href":"https:\/\/blogs.correiobraziliense.com.br\/servidor\/wp-json\/wp\/v2\/comments?post=11824"}],"version-history":[{"count":1,"href":"https:\/\/blogs.correiobraziliense.com.br\/servidor\/wp-json\/wp\/v2\/posts\/11824\/revisions"}],"predecessor-version":[{"id":11825,"href":"https:\/\/blogs.correiobraziliense.com.br\/servidor\/wp-json\/wp\/v2\/posts\/11824\/revisions\/11825"}],"wp:attachment":[{"href":"https:\/\/blogs.correiobraziliense.com.br\/servidor\/wp-json\/wp\/v2\/media?parent=11824"}],"wp:term":[{"taxonomy":"category","embeddable":true,"href":"https:\/\/blogs.correiobraziliense.com.br\/servidor\/wp-json\/wp\/v2\/categories?post=11824"},{"taxonomy":"post_tag","embeddable":true,"href":"https:\/\/blogs.correiobraziliense.com.br\/servidor\/wp-json\/wp\/v2\/tags?post=11824"}],"curies":[{"name":"wp","href":"https:\/\/api.w.org\/{rel}","templated":true}]}}