{"id":11819,"date":"2019-02-09T14:45:42","date_gmt":"2019-02-09T16:45:42","guid":{"rendered":"https:\/\/blogs.correiobraziliense.com.br\/servidor\/?p=11819"},"modified":"2019-02-09T14:45:42","modified_gmt":"2019-02-09T16:45:42","slug":"sindifisco-nacional-repudia-vazamento-de-informacoes-sigilosas-de-ministro-do-stf","status":"publish","type":"post","link":"https:\/\/blogs.correiobraziliense.com.br\/servidor\/sindifisco-nacional-repudia-vazamento-de-informacoes-sigilosas-de-ministro-do-stf\/","title":{"rendered":"Sindifisco Nacional repudia vazamento de informa\u00e7\u00f5es sigilosas de ministro do STF"},"content":{"rendered":"<p>&#8220;A Dire\u00e7\u00e3o Executiva do Sindicato Nacional dos Auditores Fiscais da Receita Federal (Sindifisco Nacional) repudia de forma veemente o vazamento de informa\u00e7\u00f5es sigilosas envolvendo procedimento fiscal que teria por alvo o ministro do Supremo Tribunal Federal (STF) Gilmar Mendes.<\/p>\n<p>O Sindifisco Nacional reitera sua postura de defesa irrestrita dos princ\u00edpios e normas constitucionais, que condicionam toda e qualquer fiscaliza\u00e7\u00e3o \u00e0 observ\u00e2ncia de garantias fundamentais e ao respeito ao sigilo fiscal dos investigados, sejam eles quem forem. Esperamos que a Receita Federal apure o incidente e identifique os respons\u00e1veis pelo vazamento, que prejudica imensamente a imagem da institui\u00e7\u00e3o.<\/p>\n<p>Observe-se, no entanto, que, a despeito de ser a quebra de sigilo um ato conden\u00e1vel, o mesmo n\u00e3o se pode dizer do procedimento de fiscaliza\u00e7\u00e3o, que deve ser resguardado de quaisquer inger\u00eancias externas e respaldado de maneira firme pela institui\u00e7\u00e3o, como sempre tem sido em rela\u00e7\u00e3o a outros cidad\u00e3os, independentemente da posi\u00e7\u00e3o que ocupam.&#8221;<\/p>\n","protected":false},"excerpt":{"rendered":"<p>&#8220;A Dire\u00e7\u00e3o Executiva do Sindicato Nacional dos Auditores Fiscais da Receita Federal (Sindifisco Nacional) repudia de forma veemente o vazamento de informa\u00e7\u00f5es sigilosas envolvendo procedimento fiscal que teria por alvo o ministro do Supremo Tribunal Federal (STF) Gilmar Mendes. O Sindifisco Nacional reitera sua postura de defesa irrestrita dos princ\u00edpios e normas constitucionais, que condicionam toda e qualquer fiscaliza\u00e7\u00e3o \u00e0 [&hellip;]<\/p>\n","protected":false},"author":27,"featured_media":0,"comment_status":"open","ping_status":"closed","sticky":false,"template":"","format":"standard","meta":{"footnotes":""},"categories":[2719],"tags":[3455,561,35,294,1854,163,34,6480],"class_list":["post-11819","post","type-post","status-publish","format-standard","hentry","category-servidor","tag-gilmar-mendes","tag-informacoes","tag-ministro","tag-receita-federal","tag-sigilosas","tag-sindifisco-nacional","tag-stf","tag-vazamento"],"_links":{"self":[{"href":"https:\/\/blogs.correiobraziliense.com.br\/servidor\/wp-json\/wp\/v2\/posts\/11819","targetHints":{"allow":["GET"]}}],"collection":[{"href":"https:\/\/blogs.correiobraziliense.com.br\/servidor\/wp-json\/wp\/v2\/posts"}],"about":[{"href":"https:\/\/blogs.correiobraziliense.com.br\/servidor\/wp-json\/wp\/v2\/types\/post"}],"author":[{"embeddable":true,"href":"https:\/\/blogs.correiobraziliense.com.br\/servidor\/wp-json\/wp\/v2\/users\/27"}],"replies":[{"embeddable":true,"href":"https:\/\/blogs.correiobraziliense.com.br\/servidor\/wp-json\/wp\/v2\/comments?post=11819"}],"version-history":[{"count":1,"href":"https:\/\/blogs.correiobraziliense.com.br\/servidor\/wp-json\/wp\/v2\/posts\/11819\/revisions"}],"predecessor-version":[{"id":11820,"href":"https:\/\/blogs.correiobraziliense.com.br\/servidor\/wp-json\/wp\/v2\/posts\/11819\/revisions\/11820"}],"wp:attachment":[{"href":"https:\/\/blogs.correiobraziliense.com.br\/servidor\/wp-json\/wp\/v2\/media?parent=11819"}],"wp:term":[{"taxonomy":"category","embeddable":true,"href":"https:\/\/blogs.correiobraziliense.com.br\/servidor\/wp-json\/wp\/v2\/categories?post=11819"},{"taxonomy":"post_tag","embeddable":true,"href":"https:\/\/blogs.correiobraziliense.com.br\/servidor\/wp-json\/wp\/v2\/tags?post=11819"}],"curies":[{"name":"wp","href":"https:\/\/api.w.org\/{rel}","templated":true}]}}