{"id":11817,"date":"2019-02-08T16:59:52","date_gmt":"2019-02-08T18:59:52","guid":{"rendered":"https:\/\/blogs.correiobraziliense.com.br\/servidor\/?p=11817"},"modified":"2019-02-08T16:59:52","modified_gmt":"2019-02-08T18:59:52","slug":"paulo-guedes-indica-susana-cordeiro-para-a-presidencia-do-ibge","status":"publish","type":"post","link":"https:\/\/blogs.correiobraziliense.com.br\/servidor\/paulo-guedes-indica-susana-cordeiro-para-a-presidencia-do-ibge\/","title":{"rendered":"Paulo Guedes indica Susana Cordeiro para a presid\u00eancia do IBGE"},"content":{"rendered":"<p><em>Economista do Banco Mundial, Susana \u00e9 especialista em reforma do estado<\/em><\/p>\n<p>O ministro da Economia, Paulo Guedes, confirmou nesta sexta-feira (08\/02) a indica\u00e7\u00e3o da economista Susana Cordeiro para o cargo de presidente do Instituto Brasileiro de Geografia e Estat\u00edstica (IBGE). Especialista nas \u00e1reas de reforma do estado, descentraliza\u00e7\u00e3o e fortalecimento da capacidade organizacional do setor p\u00fablico do Banco Mundial, trabalhou com governos na \u00c1sia, \u00c1frica, e Am\u00e9rica Latina. No Brasil, como pesquisadora visitante, j\u00e1 esteve no Instituto de Pesquisa Econ\u00f4mica Aplicada (IPEA), Funda\u00e7\u00e3o Get\u00falio Vargas (FGV) e na PUC-Rio. Susana Cordeiro tem uma s\u00e9rie de publica\u00e7\u00f5es em assuntos como reforma do estado, descentraliza\u00e7\u00e3o fiscal e administrativa, educa\u00e7\u00e3o, e fortalecimento da capacidade organizacional do setor p\u00fablico. Cordeiro Guerra \u00e9 PhD em ci\u00eancia pol\u00edtica pela Massachusetts Institute of Technology e fez mestrado em Harvard.<\/p>\n","protected":false},"excerpt":{"rendered":"<p>Economista do Banco Mundial, Susana \u00e9 especialista em reforma do estado O ministro da Economia, Paulo Guedes, confirmou nesta sexta-feira (08\/02) a indica\u00e7\u00e3o da economista Susana Cordeiro para o cargo de presidente do Instituto Brasileiro de Geografia e Estat\u00edstica (IBGE). Especialista nas \u00e1reas de reforma do estado, descentraliza\u00e7\u00e3o e fortalecimento da capacidade organizacional do setor p\u00fablico do Banco Mundial, trabalhou [&hellip;]<\/p>\n","protected":false},"author":27,"featured_media":0,"comment_status":"open","ping_status":"closed","sticky":false,"template":"","format":"standard","meta":{"footnotes":""},"categories":[2719],"tags":[1314,4554,14623,56,2726,67,2042,2027,14327,14501,14624,711,1489,14622],"class_list":["post-11817","post","type-post","status-publish","format-standard","hentry","category-servidor","tag-administrativa","tag-banco-mundial","tag-descentralizacao","tag-estado","tag-fgv","tag-fiscal","tag-ibge","tag-ipea","tag-ministerio-da-economia","tag-paulo-guedes","tag-puc-rio","tag-reforma","tag-setor-publico","tag-susana-coreiro"],"_links":{"self":[{"href":"https:\/\/blogs.correiobraziliense.com.br\/servidor\/wp-json\/wp\/v2\/posts\/11817","targetHints":{"allow":["GET"]}}],"collection":[{"href":"https:\/\/blogs.correiobraziliense.com.br\/servidor\/wp-json\/wp\/v2\/posts"}],"about":[{"href":"https:\/\/blogs.correiobraziliense.com.br\/servidor\/wp-json\/wp\/v2\/types\/post"}],"author":[{"embeddable":true,"href":"https:\/\/blogs.correiobraziliense.com.br\/servidor\/wp-json\/wp\/v2\/users\/27"}],"replies":[{"embeddable":true,"href":"https:\/\/blogs.correiobraziliense.com.br\/servidor\/wp-json\/wp\/v2\/comments?post=11817"}],"version-history":[{"count":1,"href":"https:\/\/blogs.correiobraziliense.com.br\/servidor\/wp-json\/wp\/v2\/posts\/11817\/revisions"}],"predecessor-version":[{"id":11818,"href":"https:\/\/blogs.correiobraziliense.com.br\/servidor\/wp-json\/wp\/v2\/posts\/11817\/revisions\/11818"}],"wp:attachment":[{"href":"https:\/\/blogs.correiobraziliense.com.br\/servidor\/wp-json\/wp\/v2\/media?parent=11817"}],"wp:term":[{"taxonomy":"category","embeddable":true,"href":"https:\/\/blogs.correiobraziliense.com.br\/servidor\/wp-json\/wp\/v2\/categories?post=11817"},{"taxonomy":"post_tag","embeddable":true,"href":"https:\/\/blogs.correiobraziliense.com.br\/servidor\/wp-json\/wp\/v2\/tags?post=11817"}],"curies":[{"name":"wp","href":"https:\/\/api.w.org\/{rel}","templated":true}]}}