{"id":11805,"date":"2019-02-08T13:03:12","date_gmt":"2019-02-08T15:03:12","guid":{"rendered":"https:\/\/blogs.correiobraziliense.com.br\/servidor\/?p=11805"},"modified":"2019-02-08T13:03:12","modified_gmt":"2019-02-08T15:03:12","slug":"clima-de-otimismo-com-medidas-economicas-para-60-dos-empresarios-reforma-da-previdencia-sai-do-papel","status":"publish","type":"post","link":"https:\/\/blogs.correiobraziliense.com.br\/servidor\/clima-de-otimismo-com-medidas-economicas-para-60-dos-empresarios-reforma-da-previdencia-sai-do-papel\/","title":{"rendered":"Clima de otimismo com medidas econ\u00f4micas &#8211; Para 60% dos empres\u00e1rios, reforma da Previd\u00eancia sai do papel"},"content":{"rendered":"<p><em>Pesquisa da Amcham entrevistou 550 presidentes e diretores de empresas brasileiras. Para a reforma sair esse ano, ser\u00e1 preciso grande capacidade de articula\u00e7\u00e3o do governo no Congresso. Para os empres\u00e1rios, o tema demanda tr\u00eas focos de trabalho. O fator crucial para o governo Bolsonaro endere\u00e7ar seu texto, pelo menos para 32%, \u00e9 manter a defesa e o debate da proposta, assumindo a condu\u00e7\u00e3o da disputa sobre pontos com menores concess\u00f5es (ex: militares e servidores p\u00fablicos). Mas 30% responderam que o fator decisivo ser\u00e1 o protagonismo do presidente na discuss\u00e3o<\/em><\/p>\n<p>Com a perspectiva das medidas econ\u00f4micas e a reforma da previd\u00eancia aprovada este ano, o Brasil vai crescer em 2019. \u00c9 o que mostra pesquisa da C\u00e2mara Americana de Com\u00e9rcio (Amcham Brasil), com 550 presidentes e diretores de empresas brasileiras de todos os portes e segmentos. O otimismo do setor privado na aprova\u00e7\u00e3o de reformas econ\u00f4micas est\u00e1 alto. A \u00e1rea que os executivos mais sentem confian\u00e7a em rela\u00e7\u00e3o ao novo governo \u00e9 na economia (61%), com expectativa de aprova\u00e7\u00e3o de reformas como a previdenci\u00e1ria e tribut\u00e1ria.<\/p>\n<p>A maioria dos empres\u00e1rios acreditam que a reforma da Previd\u00eancia vai ser aprovada esse ano, mas com ressalvas. Essa \u00e9 a reforma poss\u00edvel para 63% deles, que responderam a pesquisa \u201cPlano de Voo Amcham: perspectivas e an\u00e1lises Brasil 2019\u201d. Para eles, a expectativa \u00e9 de aprova\u00e7\u00e3o de um projeto que n\u00e3o consiga abarcar todos os setores da sociedade, mas que ainda assim ter\u00e1 um impacto positivo nas contas do governo.<\/p>\n<p>\u201cO clima \u00e9 de otimismo. Detectamos que os empres\u00e1rios brasileiros est\u00e3o confiante na capacidade do governo de conduzir o comunicar os motivos da reforma e os efeitos que pretendem ser alcan\u00e7ados\u201d, comenta Devorah Vieitas, CEO da Amcham Brasil. A C\u00e2mara Americana de Com\u00e9rcio re\u00fane no Brasil 5 mil empresas, em 15 cidades, sendo 85% delas de origem brasileira.<\/p>\n<p>A aprova\u00e7\u00e3o de uma reforma estrutural e ampla, que consiga abarcar todos os setores \u2013 incluindo militares e todos os servidores p\u00fablicos \u2013 at\u00e9 o final do ano, foi votada por 20% do p\u00fablico. O otimismo do setor privado \u00e9 grande. S\u00f3 16% acham que a reforma ainda enfrentar\u00e1 certa resist\u00eancia para ser aprovada, provavelmente n\u00e3o sendo aprovada at\u00e9 o fim do ano. E s\u00f3 2% n\u00e3o acreditam que ela sair\u00e1 em 2019.<\/p>\n<p><strong>Articula\u00e7\u00e3o com o Congresso<\/strong><\/p>\n<p>Para a reforma sair esse ano, vai ser preciso uma grande capacidade de articula\u00e7\u00e3o do governo com o Congresso. Para os empres\u00e1rios, o tema demanda tr\u00eas focos de trabalho do novo governo. O fator crucial para o governo Bolsonaro endere\u00e7ar seu texto, pelo menos para 32%, \u00e9 manter a defesa e o debate da proposta, assumindo a condu\u00e7\u00e3o da disputa sobre pontos com menores concess\u00f5es (ex: militares e servidores p\u00fablicos).<\/p>\n<p>Mas 30% responderam que o fator decisivo ser\u00e1 o protagonismo do presidente na discuss\u00e3o, direcionando seu capital popular para essa pauta estrat\u00e9gica e abrindo m\u00e3o temporariamente de temas de grande popularidade. Outros 29% acham que \u00e9 importante dialogar mais com o Congresso, com envolvimento de todas as lideran\u00e7as partid\u00e1rias para aprova\u00e7\u00e3o da reforma no Congresso, pausando temporariamente o discurso b\u00e9lico contra opositores.<\/p>\n<p>S\u00f3 9% responderam que, antes do grande teste da Previd\u00eancia, o governo deve priorizar a aprova\u00e7\u00e3o de outras pautas, testando e mapeando as alian\u00e7as costuradas e n\u00fameros de votos conquistados.<\/p>\n<p><strong>Os primeiros 40 dias e outras reformas<\/strong><\/p>\n<p>A avalia\u00e7\u00e3o do governo nos primeiros 40 dias \u00e9 bem positiva. 60% respondeu que os an\u00fancios de medidas econ\u00f4micas \u00e9 positiva, com perspectivas de melhora da economia, gera\u00e7\u00e3o de empregos e aumento de competitividade. Pouco mais de um ter\u00e7o (36%) achou neutro, uma vez que n\u00e3o houve tempo ou marcos suficientes para avalia\u00e7\u00e3o da gest\u00e3o. E 4% acharam que o come\u00e7o foi negativo, com pouca perspectiva de crescimento da economia.<\/p>\n<p>Al\u00e9m da Previd\u00eancia, o governo ter\u00e1 algum f\u00f4lego para aprovar outras reformas. A que tem mais chances de acontecer, para 41%, \u00e9 um ambicioso programa de privatiza\u00e7\u00e3o e presta\u00e7\u00e3o de servi\u00e7os de infraestrutura. Em seguida, v\u00eam a mudan\u00e7a do sistema tribut\u00e1rio (15%), reforma administrativa e libera\u00e7\u00e3o comercial (com 13% cada), redu\u00e7\u00e3o e racionaliza\u00e7\u00e3o dos subs\u00eddios concedidos da Uni\u00e3o, e autonomia do Banco Central (9% cada).<\/p>\n<p><strong>Baixa confian\u00e7a<\/strong><\/p>\n<p>Por outro lado, o p\u00fablico est\u00e1 pessimista em rela\u00e7\u00e3o \u00e0 aten\u00e7\u00e3o que o governo vai dedicar a algumas \u00e1reas importantes. 37% dos respondentes est\u00e3o menos confiantes em medidas para as \u00e1reas social e cultural. Em seguida, v\u00eam a \u00e1rea ambiental (24%), educa\u00e7\u00e3o e sa\u00fade (23%) e rela\u00e7\u00f5es exteriores (10%).<\/p>\n<p>Das reformas com menos chance de acontecer nos pr\u00f3ximos 4 anos, a mudan\u00e7a do sistema tribut\u00e1rio foi a mais votada, com 37%. Tamb\u00e9m h\u00e1 baixa expectativa de reforma administrativa (19%), redu\u00e7\u00e3o e racionaliza\u00e7\u00e3o dos subs\u00eddios concedidos da Uni\u00e3o (17%) e autonomia do Banco Central (15%).<\/p>\n<p>No tema da competitividade, os empres\u00e1rios entrevistados pela Amcham esperam medidas importantes. Quase metade (48%) votou na simplifica\u00e7\u00e3o e redu\u00e7\u00e3o de carga tribut\u00e1ria. O restante ficou dividido entre atra\u00e7\u00e3o de investimentos (20%), desburocratiza\u00e7\u00e3o (15%), ajuste fiscal (10%) e combate \u00e0 corrup\u00e7\u00e3o (6%).<\/p>\n<p><strong>Pesquisa<\/strong><\/p>\n<p>A pesquisa \u201cPlano de Voo Amcham: perspectivas e an\u00e1lises Brasil 2019\u201d foi realizada na quinta-feira (7\/2) envolvendo 550 presidentes e diretores de empresas brasileiras de todos os portes e segmentos econ\u00f4micos.<\/p>\n","protected":false},"excerpt":{"rendered":"<p>Pesquisa da Amcham entrevistou 550 presidentes e diretores de empresas brasileiras. Para a reforma sair esse ano, ser\u00e1 preciso grande capacidade de articula\u00e7\u00e3o do governo no Congresso. Para os empres\u00e1rios, o tema demanda tr\u00eas focos de trabalho. O fator crucial para o governo Bolsonaro endere\u00e7ar seu texto, pelo menos para 32%, \u00e9 manter a defesa e o debate da proposta, [&hellip;]<\/p>\n","protected":false},"author":27,"featured_media":0,"comment_status":"open","ping_status":"closed","sticky":false,"template":"","format":"standard","meta":{"footnotes":""},"categories":[2719],"tags":[3792,6843,1283,100,847,4678,2043,98,1578,51,3591,187,9727,58],"class_list":["post-11805","post","type-post","status-publish","format-standard","hentry","category-servidor","tag-amcham","tag-articulacao","tag-clima","tag-congresso","tag-debate","tag-economicas","tag-empresario","tag-governo","tag-medidas","tag-militares","tag-otimismo","tag-pesquisa","tag-reforma-da-previdencia","tag-servidores"],"_links":{"self":[{"href":"https:\/\/blogs.correiobraziliense.com.br\/servidor\/wp-json\/wp\/v2\/posts\/11805","targetHints":{"allow":["GET"]}}],"collection":[{"href":"https:\/\/blogs.correiobraziliense.com.br\/servidor\/wp-json\/wp\/v2\/posts"}],"about":[{"href":"https:\/\/blogs.correiobraziliense.com.br\/servidor\/wp-json\/wp\/v2\/types\/post"}],"author":[{"embeddable":true,"href":"https:\/\/blogs.correiobraziliense.com.br\/servidor\/wp-json\/wp\/v2\/users\/27"}],"replies":[{"embeddable":true,"href":"https:\/\/blogs.correiobraziliense.com.br\/servidor\/wp-json\/wp\/v2\/comments?post=11805"}],"version-history":[{"count":1,"href":"https:\/\/blogs.correiobraziliense.com.br\/servidor\/wp-json\/wp\/v2\/posts\/11805\/revisions"}],"predecessor-version":[{"id":11806,"href":"https:\/\/blogs.correiobraziliense.com.br\/servidor\/wp-json\/wp\/v2\/posts\/11805\/revisions\/11806"}],"wp:attachment":[{"href":"https:\/\/blogs.correiobraziliense.com.br\/servidor\/wp-json\/wp\/v2\/media?parent=11805"}],"wp:term":[{"taxonomy":"category","embeddable":true,"href":"https:\/\/blogs.correiobraziliense.com.br\/servidor\/wp-json\/wp\/v2\/categories?post=11805"},{"taxonomy":"post_tag","embeddable":true,"href":"https:\/\/blogs.correiobraziliense.com.br\/servidor\/wp-json\/wp\/v2\/tags?post=11805"}],"curies":[{"name":"wp","href":"https:\/\/api.w.org\/{rel}","templated":true}]}}