{"id":118,"date":"2015-03-11T14:10:00","date_gmt":"2015-03-11T17:10:00","guid":{"rendered":"https:\/\/blogs.correiobraziliense.com.br\/servidor\/alceu_moreira_encaminha_mocao_de_repudio_aos_atos_do_mst\/"},"modified":"2015-03-11T14:10:00","modified_gmt":"2015-03-11T17:10:00","slug":"alceu_moreira_encaminha_mocao_de_repudio_aos_atos_do_mst","status":"publish","type":"post","link":"https:\/\/blogs.correiobraziliense.com.br\/servidor\/alceu_moreira_encaminha_mocao_de_repudio_aos_atos_do_mst\/","title":{"rendered":"ALCEU MOREIRA ENCAMINHA MO\u00c7\u00c3O DE REP\u00daDIO AOS ATOS DO MST"},"content":{"rendered":"<p>Uma mo\u00e7\u00e3o de rep\u00fadio  aos recentes atos do Movimento dos Trabalhadores Rurais Sem Terra (MST) &nbsp;foi  encaminhada pelo deputado federal Alceu Moreira (PMDB\/RS) durante reuni\u00e3o da  comiss\u00e3o de Agricultura da C\u00e2mara nesta quarta-feira, 11.  <\/p>\n<p>O deputado argumentou que apenas nos \u00faltimos dias o MST  destruiu no interior de S\u00e3o Paulo materiais de 14 anos de pesquisas sobre a  planta\u00e7\u00e3o de eucaliptos, al\u00e9m de ter invadido empresas privadas e \u00f3rg\u00e3os  p\u00fablicos no Rio Grande do Sul e em outros estados.  <\/p>\n<p>&#8220;N\u00e3o entendemos o motivo para que na greve dos  caminhoneiros a For\u00e7a Nacional, a pedido do governo, fosse acionada para  repreend\u00ea-los, enquanto para o MST o governo e o ex-presidente Lula n\u00e3o apenas  s\u00e3o complacentes como apoiam e inflamam o movimento a fazer badernas&#8221;, denunciou  Alceu Moreira.  <\/p>\n<p>Bras\u00edlia, 14h10min  <\/p>\n","protected":false},"excerpt":{"rendered":"<p>Uma mo\u00e7\u00e3o de rep\u00fadio aos recentes atos do Movimento dos Trabalhadores Rurais Sem Terra (MST) &nbsp;foi encaminhada pelo deputado federal Alceu Moreira (PMDB\/RS) durante reuni\u00e3o da comiss\u00e3o de Agricultura da C\u00e2mara nesta quarta-feira, 11. O deputado argumentou que apenas nos \u00faltimos dias o MST destruiu no interior de S\u00e3o Paulo materiais de 14 anos de pesquisas sobre a planta\u00e7\u00e3o de [&hellip;]<\/p>\n","protected":false},"author":27,"featured_media":0,"comment_status":"open","ping_status":"open","sticky":false,"template":"","format":"standard","meta":{"footnotes":""},"categories":[1],"tags":[],"class_list":["post-118","post","type-post","status-publish","format-standard","hentry","category-sem-categoria"],"_links":{"self":[{"href":"https:\/\/blogs.correiobraziliense.com.br\/servidor\/wp-json\/wp\/v2\/posts\/118","targetHints":{"allow":["GET"]}}],"collection":[{"href":"https:\/\/blogs.correiobraziliense.com.br\/servidor\/wp-json\/wp\/v2\/posts"}],"about":[{"href":"https:\/\/blogs.correiobraziliense.com.br\/servidor\/wp-json\/wp\/v2\/types\/post"}],"author":[{"embeddable":true,"href":"https:\/\/blogs.correiobraziliense.com.br\/servidor\/wp-json\/wp\/v2\/users\/27"}],"replies":[{"embeddable":true,"href":"https:\/\/blogs.correiobraziliense.com.br\/servidor\/wp-json\/wp\/v2\/comments?post=118"}],"version-history":[{"count":0,"href":"https:\/\/blogs.correiobraziliense.com.br\/servidor\/wp-json\/wp\/v2\/posts\/118\/revisions"}],"wp:attachment":[{"href":"https:\/\/blogs.correiobraziliense.com.br\/servidor\/wp-json\/wp\/v2\/media?parent=118"}],"wp:term":[{"taxonomy":"category","embeddable":true,"href":"https:\/\/blogs.correiobraziliense.com.br\/servidor\/wp-json\/wp\/v2\/categories?post=118"},{"taxonomy":"post_tag","embeddable":true,"href":"https:\/\/blogs.correiobraziliense.com.br\/servidor\/wp-json\/wp\/v2\/tags?post=118"}],"curies":[{"name":"wp","href":"https:\/\/api.w.org\/{rel}","templated":true}]}}