{"id":11795,"date":"2019-02-07T15:39:49","date_gmt":"2019-02-07T17:39:49","guid":{"rendered":"https:\/\/blogs.correiobraziliense.com.br\/servidor\/?p=11795"},"modified":"2019-02-07T15:39:49","modified_gmt":"2019-02-07T17:39:49","slug":"receita-comeca-nessa-sexta-feira-8-2-a-consulta-ao-lote-de-restituicao-multiexercicio-do-irpf","status":"publish","type":"post","link":"https:\/\/blogs.correiobraziliense.com.br\/servidor\/receita-comeca-nessa-sexta-feira-8-2-a-consulta-ao-lote-de-restituicao-multiexercicio-do-irpf\/","title":{"rendered":"Receita &#8211; Come\u00e7a nessa sexta-feira (8\/2) a consulta ao lote de restitui\u00e7\u00e3o multiexerc\u00edcio do IRPF"},"content":{"rendered":"<p><em>A partir das 9 horas de sexta-feira, 8 de fevereiro, estar\u00e1 dispon\u00edvel para consulta o lote multiexerc\u00edcio de restitui\u00e7\u00e3o do Imposto sobre a Renda da Pessoa F\u00edsica, com as restitui\u00e7\u00f5es residuais dos exerc\u00edcios de 2008 a 2018<\/em><\/p>\n<p>O cr\u00e9dito banc\u00e1rio para 142.698 contribuintes ser\u00e1 no dia 15 de fevereiro, totalizando mais de R$ 401 milh\u00f5es. Desse total, R$ 182.553.166,79 referem-se aos contribuintes de que tratam o art. 16 da Lei n\u00ba 9.250\/95 e o Art. 69-A da Lei n\u00ba 9.784\/99, sendo 4.498 idosos acima de 80 anos, 27.767 entre 60 e 79 anos, 2.815 contribuintes com alguma defici\u00eancia f\u00edsica ou mental ou mol\u00e9stia grave e 8.682 contribuintes cuja maior fonte de renda seja o magist\u00e9rio.<\/p>\n<p>Os montantes de restitui\u00e7\u00e3o para cada exerc\u00edcio, e a respectiva taxa Selic aplicada, podem ser acompanhados na tabela a seguir:<\/p>\n<p><img decoding=\"async\" class=\"CToWUd a6T\" src=\"https:\/\/mail.google.com\/mail\/u\/0?ui=2&amp;ik=161b52c0c4&amp;attid=0.1&amp;permmsgid=msg-f:1624831792396706957&amp;th=168c8fe80d91248d&amp;view=fimg&amp;sz=s0-l75-ft&amp;attbid=ANGjdJ_qIX7ruIVllMvgt1T2lYwZW9ApM-kWfNk-s2jlolOiB_AbO3nvvzUIpusyps5t01amI_HlctZq3t_8FA8o3V7o62sdcGJ4psBB8hYPOTHalzrcAl45He9Y_Q8&amp;disp=emb\" \/><\/p>\n<p>Para saber se teve a declara\u00e7\u00e3o liberada, o contribuinte dever\u00e1 acessar a p\u00e1gina da Receita na Internet (<a href=\"http:\/\/www.receita.fazenda.gov.br\/\" target=\"_blank\" rel=\"noopener\">http:\/\/<\/a><a href=\"http:\/\/www.receita.fazenda.gov.br\/\" target=\"_blank\" rel=\"noopener\">idg<\/a><a href=\"http:\/\/www.receita.fazenda.gov.br\/\" target=\"_blank\" rel=\"noopener\">.receita.fazenda.gov.br<\/a>), ou ligar para o Receitafone 146. Na consulta \u00e0 p\u00e1gina da Receita, servi\u00e7o e-CAC, \u00e9 poss\u00edvel acessar o extrato da declara\u00e7\u00e3o e ver se h\u00e1 inconsist\u00eancias de dados identificadas pelo processamento. Nesta hip\u00f3tese, o contribuinte pode avaliar as inconsist\u00eancias e fazer a autorregulariza\u00e7\u00e3o, mediante entrega de declara\u00e7\u00e3o retificadora.<\/p>\n<p>A Receita disponibiliza, ainda, aplicativo para tablets e smartphones que facilita consulta \u00e0s declara\u00e7\u00f5es do IRPF e situa\u00e7\u00e3o cadastral no CPF. Com ele ser\u00e1 poss\u00edvel consultar diretamente nas bases da Receita Federal informa\u00e7\u00f5es sobre libera\u00e7\u00e3o das restitui\u00e7\u00f5es do IRPF e a situa\u00e7\u00e3o cadastral de uma inscri\u00e7\u00e3o no CPF.<\/p>\n<p>A restitui\u00e7\u00e3o ficar\u00e1 dispon\u00edvel no banco durante um ano. Se o contribuinte n\u00e3o fizer o resgate nesse prazo, dever\u00e1 requer\u00ea-la por meio da Internet, mediante o Formul\u00e1rio Eletr\u00f4nico &#8211; Pedido de Pagamento de Restitui\u00e7\u00e3o, ou diretamente no e-CAC, no servi\u00e7o Extrato do Processamento da DIRPF.<\/p>\n<p>Caso o valor n\u00e3o seja creditado, o contribuinte poder\u00e1 contatar pessoalmente qualquer ag\u00eancia do BB ou ligar para a Central de Atendimento por meio do telefone 4004-0001 (capitais), 0800-729-0001 (demais localidades) e 0800-729-0088 (telefone especial exclusivo para deficientes auditivos) para agendar o cr\u00e9dito em conta-corrente ou poupan\u00e7a, em seu nome, em qualquer banco.<\/p>\n","protected":false},"excerpt":{"rendered":"<p>A partir das 9 horas de sexta-feira, 8 de fevereiro, estar\u00e1 dispon\u00edvel para consulta o lote multiexerc\u00edcio de restitui\u00e7\u00e3o do Imposto sobre a Renda da Pessoa F\u00edsica, com as restitui\u00e7\u00f5es residuais dos exerc\u00edcios de 2008 a 2018 O cr\u00e9dito banc\u00e1rio para 142.698 contribuintes ser\u00e1 no dia 15 de fevereiro, totalizando mais de R$ 401 milh\u00f5es. Desse total, R$ 182.553.166,79 referem-se [&hellip;]<\/p>\n","protected":false},"author":27,"featured_media":0,"comment_status":"open","ping_status":"closed","sticky":false,"template":"","format":"standard","meta":{"footnotes":""},"categories":[2719],"tags":[515,355,3786,2168,7242,294,5803,739],"class_list":["post-11795","post","type-post","status-publish","format-standard","hentry","category-servidor","tag-contribuintes","tag-imposto-de-renda","tag-irpf","tag-lote","tag-multiexercicio","tag-receita-federal","tag-residuais","tag-restituicao"],"_links":{"self":[{"href":"https:\/\/blogs.correiobraziliense.com.br\/servidor\/wp-json\/wp\/v2\/posts\/11795","targetHints":{"allow":["GET"]}}],"collection":[{"href":"https:\/\/blogs.correiobraziliense.com.br\/servidor\/wp-json\/wp\/v2\/posts"}],"about":[{"href":"https:\/\/blogs.correiobraziliense.com.br\/servidor\/wp-json\/wp\/v2\/types\/post"}],"author":[{"embeddable":true,"href":"https:\/\/blogs.correiobraziliense.com.br\/servidor\/wp-json\/wp\/v2\/users\/27"}],"replies":[{"embeddable":true,"href":"https:\/\/blogs.correiobraziliense.com.br\/servidor\/wp-json\/wp\/v2\/comments?post=11795"}],"version-history":[{"count":1,"href":"https:\/\/blogs.correiobraziliense.com.br\/servidor\/wp-json\/wp\/v2\/posts\/11795\/revisions"}],"predecessor-version":[{"id":11796,"href":"https:\/\/blogs.correiobraziliense.com.br\/servidor\/wp-json\/wp\/v2\/posts\/11795\/revisions\/11796"}],"wp:attachment":[{"href":"https:\/\/blogs.correiobraziliense.com.br\/servidor\/wp-json\/wp\/v2\/media?parent=11795"}],"wp:term":[{"taxonomy":"category","embeddable":true,"href":"https:\/\/blogs.correiobraziliense.com.br\/servidor\/wp-json\/wp\/v2\/categories?post=11795"},{"taxonomy":"post_tag","embeddable":true,"href":"https:\/\/blogs.correiobraziliense.com.br\/servidor\/wp-json\/wp\/v2\/tags?post=11795"}],"curies":[{"name":"wp","href":"https:\/\/api.w.org\/{rel}","templated":true}]}}