{"id":11779,"date":"2019-02-07T12:20:03","date_gmt":"2019-02-07T14:20:03","guid":{"rendered":"https:\/\/blogs.correiobraziliense.com.br\/servidor\/?p=11779"},"modified":"2019-02-07T12:33:37","modified_gmt":"2019-02-07T14:33:37","slug":"dieese-custo-da-cesta-basica","status":"publish","type":"post","link":"https:\/\/blogs.correiobraziliense.com.br\/servidor\/dieese-custo-da-cesta-basica\/","title":{"rendered":"Dieese &#8211; Custo da cesta b\u00e1sica"},"content":{"rendered":"<p><em>Em janeiro de 2019, o custo do conjunto de alimentos essenciais subiu em nove capitais e caiu em outras nove<\/em><\/p>\n<p>De acordo com a Pesquisa Nacional da Cesta B\u00e1sica de Alimentos, do Departamento Intersindical de Estat\u00edstica e Estudos Socioecon\u00f4micos (Dieese). As altas mais expressivas foram em Vit\u00f3ria (5,00%), Jo\u00e3o Pessoa (4,55%), Natal (3,06%) e Salvador (2,80%). As principais quedas foram observadas no Sul: Porto Alegre (-4,96%), Florian\u00f3polis (-4,43%) e Curitiba (-4,16%).<\/p>\n<p>Com base na cesta mais cara, que, em janeiro, foi a de S\u00e3o Paulo, e levando em considera\u00e7\u00e3o a determina\u00e7\u00e3o constitucional que estabelece que o sal\u00e1rio m\u00ednimo deve ser suficiente para suprir as despesas de um trabalhador e sua fam\u00edlia com alimenta\u00e7\u00e3o, moradia, sa\u00fade, educa\u00e7\u00e3o, vestu\u00e1rio, higiene, transporte, lazer e previd\u00eancia, o Dieese estima mensalmente o valor do m\u00ednimo necess\u00e1rio.<\/p>\n<p><img loading=\"lazy\" decoding=\"async\" class=\"alignright size-full wp-image-11782\" src=\"https:\/\/blogs.correiobraziliense.com.br\/servidor\/wp-content\/uploads\/sites\/10\/2019\/02\/11.jpg\" alt=\"\" width=\"760\" height=\"581\" srcset=\"https:\/\/blogs.correiobraziliense.com.br\/servidor\/wp-content\/uploads\/sites\/10\/2019\/02\/11.jpg 760w, https:\/\/blogs.correiobraziliense.com.br\/servidor\/wp-content\/uploads\/sites\/10\/2019\/02\/11-300x229.jpg 300w, https:\/\/blogs.correiobraziliense.com.br\/servidor\/wp-content\/uploads\/sites\/10\/2019\/02\/11-350x268.jpg 350w, https:\/\/blogs.correiobraziliense.com.br\/servidor\/wp-content\/uploads\/sites\/10\/2019\/02\/11-550x420.jpg 550w, https:\/\/blogs.correiobraziliense.com.br\/servidor\/wp-content\/uploads\/sites\/10\/2019\/02\/11-230x176.jpg 230w\" sizes=\"auto, (max-width: 760px) 100vw, 760px\" \/><\/p>\n<p><strong>Sal\u00e1rio<\/strong><\/p>\n<p>Em janeiro de 2019, o sal\u00e1rio m\u00ednimo necess\u00e1rio para a manuten\u00e7\u00e3o de uma fam\u00edlia de quatro pessoas deveria equivaler a R$ 3.928,73, ou 3,94 vezes o m\u00ednimo j\u00e1 reajustado de R$ 998,00. Em 2018, o m\u00ednimo era de R$ 954,00 e o piso m\u00ednimo necess\u00e1rio correspondeu a R$ 3.752,65 (ou 3,93 vezes o que vigorava naquele per\u00edodo) em janeiro e a R$ 3.960,57 (ou 4,15 vezes o piso vigente) em dezembro.<\/p>\n<p>Em janeiro de 2019, com o reajuste de 4,61% no sal\u00e1rio m\u00ednimo, o tempo m\u00e9dio necess\u00e1rio para adquirir os produtos da cesta b\u00e1sica foi de 88 horas e 05 minutos. Em dezembro de 2018, quando o sal\u00e1rio m\u00ednimo era de R$ 954,00, a jornada necess\u00e1ria foi calculada em 92 horas e 17 minutos e, em janeiro do mesmo ano, em 89 horas e 29 minutos.<\/p>\n<p><strong>Comprometimento do sal\u00e1rio<\/strong><\/p>\n<p>Quando se compara o custo da cesta e o sal\u00e1rio m\u00ednimo l\u00edquido, ou seja, ap\u00f3s o desconto \u00e0 Previd\u00eancia Social, verifica-se que o trabalhador remunerado pelo piso nacional comprometeu, em janeiro, 43,52% da remunera\u00e7\u00e3o para adquirir os produtos. Em dezembro de 2018, quando o sal\u00e1rio m\u00ednimo valia R$ 954,00, a compra demandava 45,59% e, em janeiro do mesmo ano, 44,21%.<\/p>\n<p><strong>Comportamento dos pre\u00e7os<\/strong><\/p>\n<p>Entre dezembro de 2018 e janeiro de 2019, foi predominante a alta no pre\u00e7o do feij\u00e3o, banana, manteiga e batata, coletada no Centro-Sul.<\/p>\n","protected":false},"excerpt":{"rendered":"<p>Em janeiro de 2019, o custo do conjunto de alimentos essenciais subiu em nove capitais e caiu em outras nove De acordo com a Pesquisa Nacional da Cesta B\u00e1sica de Alimentos, do Departamento Intersindical de Estat\u00edstica e Estudos Socioecon\u00f4micos (Dieese). As altas mais expressivas foram em Vit\u00f3ria (5,00%), Jo\u00e3o Pessoa (4,55%), Natal (3,06%) e Salvador (2,80%). As principais quedas foram [&hellip;]<\/p>\n","protected":false},"author":27,"featured_media":0,"comment_status":"open","ping_status":"closed","sticky":false,"template":"","format":"standard","meta":{"footnotes":""},"categories":[2719],"tags":[479,4537,614,3331,10553,2116,3690,235,2026,48,3348,1242,6050,10031,2843,14601,3911,549,616,3088,3714,14556],"class_list":["post-11779","post","type-post","status-publish","format-standard","hentry","category-servidor","tag-alimentacao","tag-alimentos","tag-alta","tag-capitais","tag-cesta-basica","tag-custo","tag-desconto","tag-despesas","tag-dieese","tag-educacao","tag-essenciais","tag-familia","tag-higiene","tag-lazer","tag-moradia","tag-necessario-comprometimento","tag-precos","tag-previdencia","tag-saude","tag-trabalhador","tag-transporte","tag-vestuario"],"_links":{"self":[{"href":"https:\/\/blogs.correiobraziliense.com.br\/servidor\/wp-json\/wp\/v2\/posts\/11779","targetHints":{"allow":["GET"]}}],"collection":[{"href":"https:\/\/blogs.correiobraziliense.com.br\/servidor\/wp-json\/wp\/v2\/posts"}],"about":[{"href":"https:\/\/blogs.correiobraziliense.com.br\/servidor\/wp-json\/wp\/v2\/types\/post"}],"author":[{"embeddable":true,"href":"https:\/\/blogs.correiobraziliense.com.br\/servidor\/wp-json\/wp\/v2\/users\/27"}],"replies":[{"embeddable":true,"href":"https:\/\/blogs.correiobraziliense.com.br\/servidor\/wp-json\/wp\/v2\/comments?post=11779"}],"version-history":[{"count":3,"href":"https:\/\/blogs.correiobraziliense.com.br\/servidor\/wp-json\/wp\/v2\/posts\/11779\/revisions"}],"predecessor-version":[{"id":11783,"href":"https:\/\/blogs.correiobraziliense.com.br\/servidor\/wp-json\/wp\/v2\/posts\/11779\/revisions\/11783"}],"wp:attachment":[{"href":"https:\/\/blogs.correiobraziliense.com.br\/servidor\/wp-json\/wp\/v2\/media?parent=11779"}],"wp:term":[{"taxonomy":"category","embeddable":true,"href":"https:\/\/blogs.correiobraziliense.com.br\/servidor\/wp-json\/wp\/v2\/categories?post=11779"},{"taxonomy":"post_tag","embeddable":true,"href":"https:\/\/blogs.correiobraziliense.com.br\/servidor\/wp-json\/wp\/v2\/tags?post=11779"}],"curies":[{"name":"wp","href":"https:\/\/api.w.org\/{rel}","templated":true}]}}