{"id":11773,"date":"2019-02-06T17:46:48","date_gmt":"2019-02-06T19:46:48","guid":{"rendered":"https:\/\/blogs.correiobraziliense.com.br\/servidor\/?p=11773"},"modified":"2019-02-06T17:46:48","modified_gmt":"2019-02-06T19:46:48","slug":"servidores-ja-podem-consultar-historico-de-rendimento-anual-no-aplicativo-sigepe-mobile","status":"publish","type":"post","link":"https:\/\/blogs.correiobraziliense.com.br\/servidor\/servidores-ja-podem-consultar-historico-de-rendimento-anual-no-aplicativo-sigepe-mobile\/","title":{"rendered":"Servidores j\u00e1 podem consultar hist\u00f3rico de rendimento anual no aplicativo Sigepe Mobile"},"content":{"rendered":"<p><em>Dados desde 1990 est\u00e3o dispon\u00edveis no APP: comprova\u00e7\u00e3o de renda, acompanhamento de pagamento de consigna\u00e7\u00f5es, de pens\u00f5es e tamb\u00e9m em quest\u00f5es judiciais, al\u00e9m de acesso ao contracheque, consulta de f\u00e9rias, consulta de margens consign\u00e1veis e simula\u00e7\u00e3o de consigna\u00e7\u00e3o<br \/>\n<\/em><\/p>\n<p>Por meio de nota, o Minist\u00e9rio da Fazenda informa que os servidores p\u00fablicos federais n\u00e3o precisar\u00e3o mais ir at\u00e9 sua unidade de gest\u00e3o de pessoas para buscar o hist\u00f3rico de rendimento anual. A partir de agora, essas informa\u00e7\u00f5es est\u00e3o dispon\u00edveis no celular, via Sigepe Mobile. No APP, \u00e9 poss\u00edvel consultar e ver os dados desde o ano de 1990 em formato digital. Este detalhamento \u00e9 \u00fatil para a comprova\u00e7\u00e3o de renda, acompanhamento de pagamento de consigna\u00e7\u00f5es, de pens\u00f5es e tamb\u00e9m em quest\u00f5es judiciais, por exemplo.<\/p>\n<p>&#8220;Esta \u00e9 mais uma a\u00e7\u00e3o do Minist\u00e9rio da Economia para desburocratizar e simplificar o acesso aos servi\u00e7os prestados pelo governo federal\u201d, afirmou o secret\u00e1rio de Gest\u00e3o e Desempenho de Pessoal, Wagner Lenhart. \u201cEla atende a uma necessidade dos servidores p\u00fablicos, que n\u00e3o v\u00e3o mais precisar se deslocar para ter acesso a estas informa\u00e7\u00f5es, podendo acess\u00e1-las nos seus dispositivos m\u00f3veis\u201d.<\/p>\n<p>Al\u00e9m desta nova funcionalidade, o Sigepe Mobile oferece acesso ao contracheque, consulta de f\u00e9rias, consulta de margens consign\u00e1veis e simula\u00e7\u00e3o de consigna\u00e7\u00e3o. At\u00e9 o momento, o aplicativo j\u00e1 teve mais de 800 mil downloads e conta com 546 mil usu\u00e1rios ativos.<\/p>\n<p>Imposto de Renda<\/p>\n<p>Em breve, os comprovantes de rendimentos para a Declara\u00e7\u00e3o de Ajuste Anual do Imposto de Renda de Pessoa F\u00edsica (IRPF) estar\u00e3o dispon\u00edveis no Sigepe Mobile. No aplicativo, ser\u00e1 poss\u00edvel consulta, compartilhamento e impress\u00e3o do documento.<\/p>\n<p>Em caso de d\u00favidas sobre a utiliza\u00e7\u00e3o do aplicativo, indica a Fazenda, o servidor deve entrar em contato com a equipe do minist\u00e9rio pela\u00a0<a href=\"https:\/\/webmail.fazenda.gov.br\/owa\/redir.aspx?C=Yr_cm27KL5UoesZVX5eyRMDGLDLAkOhn-WGMFhyPFIKzY9COVIzWCA..&amp;URL=https%3a%2f%2fwww.servidor.gov.br%2fcentral-sipec\" target=\"_blank\" rel=\"noopener\">Central Sipec<\/a>. O Sigepe Mobile est\u00e1 dispon\u00edvel na\u00a0<a href=\"https:\/\/webmail.fazenda.gov.br\/owa\/redir.aspx?C=dGVD3PofCMoROWJ3AdJjeB_9IhGacdhiuP8AAo3a-0-zY9COVIzWCA..&amp;URL=https%3a%2f%2fitunes.apple.com%2fbr%2fapp%2fsigepe-mobile%2fid1044329121%3fmt%3d8\" target=\"_blank\" rel=\"noopener\">App Store<\/a>\u00a0e tamb\u00e9m na\u00a0<a href=\"https:\/\/webmail.fazenda.gov.br\/owa\/redir.aspx?C=j0FvPbDdm3qdZdovzvcYD_LuDix-6PEGGM8CZPwOXayzY9COVIzWCA..&amp;URL=https%3a%2f%2fplay.google.com%2fstore%2fapps%2fdetails%3fid%3dbr.gov.serpro.planejamento.contracheque\" target=\"_blank\" rel=\"noopener\">Google Play<\/a>.<\/p>\n","protected":false},"excerpt":{"rendered":"<p>Dados desde 1990 est\u00e3o dispon\u00edveis no APP: comprova\u00e7\u00e3o de renda, acompanhamento de pagamento de consigna\u00e7\u00f5es, de pens\u00f5es e tamb\u00e9m em quest\u00f5es judiciais, al\u00e9m de acesso ao contracheque, consulta de f\u00e9rias, consulta de margens consign\u00e1veis e simula\u00e7\u00e3o de consigna\u00e7\u00e3o Por meio de nota, o Minist\u00e9rio da Fazenda informa que os servidores p\u00fablicos federais n\u00e3o precisar\u00e3o mais ir at\u00e9 sua unidade de [&hellip;]<\/p>\n","protected":false},"author":27,"featured_media":0,"comment_status":"open","ping_status":"closed","sticky":false,"template":"","format":"standard","meta":{"footnotes":""},"categories":[2719],"tags":[8576,9242,14598,1422,3351,2455,311,2086,849,5293,58,85],"class_list":["post-11773","post","type-post","status-publish","format-standard","hentry","category-servidor","tag-anual","tag-consignacao","tag-consignacoes","tag-consulta","tag-contracheque","tag-feria","tag-historico","tag-judiciais","tag-pensoes","tag-rendimento","tag-servidores","tag-sigepe-mobile"],"_links":{"self":[{"href":"https:\/\/blogs.correiobraziliense.com.br\/servidor\/wp-json\/wp\/v2\/posts\/11773","targetHints":{"allow":["GET"]}}],"collection":[{"href":"https:\/\/blogs.correiobraziliense.com.br\/servidor\/wp-json\/wp\/v2\/posts"}],"about":[{"href":"https:\/\/blogs.correiobraziliense.com.br\/servidor\/wp-json\/wp\/v2\/types\/post"}],"author":[{"embeddable":true,"href":"https:\/\/blogs.correiobraziliense.com.br\/servidor\/wp-json\/wp\/v2\/users\/27"}],"replies":[{"embeddable":true,"href":"https:\/\/blogs.correiobraziliense.com.br\/servidor\/wp-json\/wp\/v2\/comments?post=11773"}],"version-history":[{"count":1,"href":"https:\/\/blogs.correiobraziliense.com.br\/servidor\/wp-json\/wp\/v2\/posts\/11773\/revisions"}],"predecessor-version":[{"id":11774,"href":"https:\/\/blogs.correiobraziliense.com.br\/servidor\/wp-json\/wp\/v2\/posts\/11773\/revisions\/11774"}],"wp:attachment":[{"href":"https:\/\/blogs.correiobraziliense.com.br\/servidor\/wp-json\/wp\/v2\/media?parent=11773"}],"wp:term":[{"taxonomy":"category","embeddable":true,"href":"https:\/\/blogs.correiobraziliense.com.br\/servidor\/wp-json\/wp\/v2\/categories?post=11773"},{"taxonomy":"post_tag","embeddable":true,"href":"https:\/\/blogs.correiobraziliense.com.br\/servidor\/wp-json\/wp\/v2\/tags?post=11773"}],"curies":[{"name":"wp","href":"https:\/\/api.w.org\/{rel}","templated":true}]}}