{"id":1177,"date":"2016-03-03T08:00:28","date_gmt":"2016-03-03T11:00:28","guid":{"rendered":"https:\/\/blogs.correiobraziliense.com.br\/servidor\/?p=1177"},"modified":"2016-03-02T19:45:10","modified_gmt":"2016-03-02T22:45:10","slug":"o-brasil-exige-um-sindicalismo-moderno-e-voltado-para-o-futuro","status":"publish","type":"post","link":"https:\/\/blogs.correiobraziliense.com.br\/servidor\/o-brasil-exige-um-sindicalismo-moderno-e-voltado-para-o-futuro\/","title":{"rendered":"O BRASIL EXIGE UM SINDICALISMO MODERNO E VOLTADO PARA O FUTURO"},"content":{"rendered":"<p><strong>IZAC DE ALMEIDA*<\/strong><\/p>\n<p>A representatividade de uma entidade sindical est\u00e1 diretamente ligada \u00e0 defesa incondicional da categoria que representa. O movimento sindical \u00e9 um processo hist\u00f3rico, por\u00e9m n\u00e3o engessado, que deve permanecer em constante constru\u00e7\u00e3o e desenvolvimento ao longo dos tempos. O sindicalismo exige flexibilidade de a\u00e7\u00f5es e deve estar conectado \u00e0 din\u00e2mica das rela\u00e7\u00f5es de trabalho, as quais est\u00e3o sempre em transforma\u00e7\u00e3o. Al\u00e9m disso, n\u00e3o pode prescindir de acompanhar o momento do pa\u00eds e estar conectado a essa realidade sob pena de discursar ao vento.<\/p>\n<p>&nbsp;<\/p>\n<p>Esse compromisso ser\u00e1 mais ou menos eficaz se a mensagem te\u00f3rica for comprovada por a\u00e7\u00f5es pr\u00e1ticas, ganhando assim a confian\u00e7a dos trabalhadores. \u00c9 exatamente o livre arb\u00edtrio do trabalhador pela escolha da sua representatividade que fortifica uma entidade sindical e d\u00e1 o rumo dos posicionamentos e atua\u00e7\u00e3o.<\/p>\n<p>&nbsp;<\/p>\n<p>Sejamos honestos com n\u00f3s mesmos. O mundo evoluiu, os trabalhadores evolu\u00edram. E pedem uma entidade sindical moderna, atuante, forte e alinhada com os seus interesses. Acabou h\u00e1 muito tempo \u2013 em que pese que muitos teimem em n\u00e3o aceitar \u2013 o sindicalismo de conchavos, artimanhas e desaforos com as classes que representam.<\/p>\n<p>&nbsp;<\/p>\n<p>O Sindicato da Sorocabana, por exemplo, est\u00e1 em um novo e vibrante momento. Nossa luta \u00e9 por condi\u00e7\u00f5es dignas de trabalho para a categoria profissional que defendemos. O passado da entidade, no entanto, \u00e9 nebuloso, com jogos escusos e atua\u00e7\u00e3o que denigre a classe.<\/p>\n<p>&nbsp;<\/p>\n<p>Nesse per\u00edodo de mudan\u00e7as, somos confrontados por desaven\u00e7as, amea\u00e7as e a constata\u00e7\u00e3o dura de preju\u00edzos milion\u00e1rios para a entidade e, por extens\u00e3o, para todos os que ela representa.<\/p>\n<p>&nbsp;<\/p>\n<p>Por\u00e9m, n\u00e3o somos revanchistas. Somos apenas justos. Lutamos para nos posicionar como uma entidade que olha para o futuro e busca melhores condi\u00e7\u00f5es de trabalho para os ferrovi\u00e1rios. Assim, temos de deixar o per\u00edodo de trevas para tr\u00e1s \u2013 mesmo que isso seja doloroso e at\u00e9 custe nossa seguran\u00e7a pessoal.<\/p>\n<p>&nbsp;<\/p>\n<p>Na pr\u00e1tica, isso significa buscar o que \u00e9 justo para os trabalhadores. Assim, estamos abertos \u00e0 negocia\u00e7\u00e3o dos pleitos com as entidades patronais. Por\u00e9m, n\u00e3o nos queiram fazer de bobo. Isso n\u00e3o somos e buscamos os direitos dos ferrovi\u00e1rios que representamos com muita, mais muita garra e disposi\u00e7\u00e3o.<\/p>\n<p>&nbsp;<\/p>\n<p>Seria muito f\u00e1cil nos posicionar com radicalismos perante as empresas, buscando o confronto pouco inteligente e que quase sempre pune os trabalhadores. Preferimos n\u00e3o ir por esse caminho e estamos abertos ao di\u00e1logo. Mas na medida certa, tendo sempre como objetivo principal o bem-estar dos nossos associados. Acreditamos que \u00e9 isso o que eles esperam de n\u00f3s.<\/p>\n<p>&nbsp;<\/p>\n<p><strong><em>*Izac de Almeida<\/em><\/strong><\/p>\n<p><strong><em>Presidente do Sindicato da Sorocabana<\/em><\/strong><\/p>\n<p>&nbsp;<\/p>\n","protected":false},"excerpt":{"rendered":"<p>IZAC DE ALMEIDA* A representatividade de uma entidade sindical est\u00e1 diretamente ligada \u00e0 defesa incondicional da categoria que representa. O movimento sindical \u00e9 um processo hist\u00f3rico, por\u00e9m n\u00e3o engessado, que deve permanecer em constante constru\u00e7\u00e3o e desenvolvimento ao longo dos tempos. O sindicalismo exige flexibilidade de a\u00e7\u00f5es e deve estar conectado \u00e0 din\u00e2mica das rela\u00e7\u00f5es de trabalho, as quais est\u00e3o [&hellip;]<\/p>\n","protected":false},"author":27,"featured_media":0,"comment_status":"open","ping_status":"closed","sticky":false,"template":"","format":"standard","meta":{"footnotes":""},"categories":[1],"tags":[164,379,1201,1200,1199,535,1198],"class_list":["post-1177","post","type-post","status-publish","format-standard","hentry","category-sem-categoria","tag-brasil","tag-categoria","tag-defesa","tag-futuro","tag-moderno","tag-representatividade","tag-sindicalismo"],"_links":{"self":[{"href":"https:\/\/blogs.correiobraziliense.com.br\/servidor\/wp-json\/wp\/v2\/posts\/1177","targetHints":{"allow":["GET"]}}],"collection":[{"href":"https:\/\/blogs.correiobraziliense.com.br\/servidor\/wp-json\/wp\/v2\/posts"}],"about":[{"href":"https:\/\/blogs.correiobraziliense.com.br\/servidor\/wp-json\/wp\/v2\/types\/post"}],"author":[{"embeddable":true,"href":"https:\/\/blogs.correiobraziliense.com.br\/servidor\/wp-json\/wp\/v2\/users\/27"}],"replies":[{"embeddable":true,"href":"https:\/\/blogs.correiobraziliense.com.br\/servidor\/wp-json\/wp\/v2\/comments?post=1177"}],"version-history":[{"count":1,"href":"https:\/\/blogs.correiobraziliense.com.br\/servidor\/wp-json\/wp\/v2\/posts\/1177\/revisions"}],"predecessor-version":[{"id":1178,"href":"https:\/\/blogs.correiobraziliense.com.br\/servidor\/wp-json\/wp\/v2\/posts\/1177\/revisions\/1178"}],"wp:attachment":[{"href":"https:\/\/blogs.correiobraziliense.com.br\/servidor\/wp-json\/wp\/v2\/media?parent=1177"}],"wp:term":[{"taxonomy":"category","embeddable":true,"href":"https:\/\/blogs.correiobraziliense.com.br\/servidor\/wp-json\/wp\/v2\/categories?post=1177"},{"taxonomy":"post_tag","embeddable":true,"href":"https:\/\/blogs.correiobraziliense.com.br\/servidor\/wp-json\/wp\/v2\/tags?post=1177"}],"curies":[{"name":"wp","href":"https:\/\/api.w.org\/{rel}","templated":true}]}}