{"id":11767,"date":"2019-02-06T12:20:38","date_gmt":"2019-02-06T14:20:38","guid":{"rendered":"https:\/\/blogs.correiobraziliense.com.br\/servidor\/?p=11767"},"modified":"2019-02-06T12:20:38","modified_gmt":"2019-02-06T14:20:38","slug":"cldf-aposentados-nao-devolverao-valores-recebidos-de-boa-fe","status":"publish","type":"post","link":"https:\/\/blogs.correiobraziliense.com.br\/servidor\/cldf-aposentados-nao-devolverao-valores-recebidos-de-boa-fe\/","title":{"rendered":"CLDF &#8211; Aposentados n\u00e3o devolver\u00e3o valores recebidos de boa-f\u00e9"},"content":{"rendered":"<p><em>A Justi\u00e7a do Distrito Federal suspendeu a ordem de desconto nos contracheques de servidores aposentados da C\u00e2mara Legislativa do Distrito Federal de valores recebidos de boa-f\u00e9, quando da convers\u00e3o em pec\u00fania da licen\u00e7a-pr\u00eamio por assiduidade<\/em><\/p>\n<p>A ordem partiu do 1\u00ba Juizado Especial de Fazenda P\u00fablica do Distrito Federal, do 2\u00ba Juizado Especial de Fazenda P\u00fablica do Distrito Federal e da 1\u00aa Vara de Fazenda P\u00fablica do Distrito Federal, como resultado de a\u00e7\u00f5es de pedido de tutela de urg\u00eancia do escrit\u00f3rio Mauro Menezes &amp; Advogados. As decis\u00f5es determinaram a imediata suspens\u00e3o dos descontos nos rendimentos de quantias &#8220;supostamente indevidas&#8221;.<\/p>\n<p>Para os advogados Rubstenia Silva e Rodrigo Castro, do escrit\u00f3rio Mauro Menezes &amp; Advogados, a determina\u00e7\u00e3o do Distrito Federal para o desconto fere a jurisprud\u00eancia dos Tribunais, que \u00e9 firme no sentido de afirmar a impossibilidade de devolu\u00e7\u00e3o de dinheiro recebido de boa-f\u00e9 e de natureza alimentar.<\/p>\n<p>\u201cQuando a administra\u00e7\u00e3o p\u00fablica interpreta erroneamente uma lei, resultando em pagamento indevido ao servidor, cria-se uma falsa expectativa de que os valores recebidos s\u00e3o legais e definitivos, impedindo, assim, que ocorra desconto destes, ante a boa-f\u00e9 do administrado\u201d, explicou Rubstenia.<\/p>\n<p>J\u00e1 para o advogado Rodrigo Castro, \u201cse o servidor p\u00fablico n\u00e3o concorreu na forma\u00e7\u00e3o do c\u00e1lculo do que lhe era devido, tendo apenas requerido a convers\u00e3o dos per\u00edodos em pec\u00fania, conforme lhe faculta a legisla\u00e7\u00e3o, n\u00e3o \u00e9 razo\u00e1vel ordenar que restitua ao er\u00e1rio os valores percebidos, por conta de uma altera\u00e7\u00e3o na interpreta\u00e7\u00e3o normativa utilizada pela administra\u00e7\u00e3o p\u00fablica\u201d.<\/p>\n","protected":false},"excerpt":{"rendered":"<p>A Justi\u00e7a do Distrito Federal suspendeu a ordem de desconto nos contracheques de servidores aposentados da C\u00e2mara Legislativa do Distrito Federal de valores recebidos de boa-f\u00e9, quando da convers\u00e3o em pec\u00fania da licen\u00e7a-pr\u00eamio por assiduidade A ordem partiu do 1\u00ba Juizado Especial de Fazenda P\u00fablica do Distrito Federal, do 2\u00ba Juizado Especial de Fazenda P\u00fablica do Distrito Federal e da [&hellip;]<\/p>\n","protected":false},"author":27,"featured_media":0,"comment_status":"open","ping_status":"closed","sticky":false,"template":"","format":"standard","meta":{"footnotes":""},"categories":[2719],"tags":[203,3550,345,14594,1059,4508,14593,9736,2424,7982,3690,3067,1419,7565,2092,7979,5612,2025,58,2423,1808],"class_list":["post-11767","post","type-post","status-publish","format-standard","hentry","category-servidor","tag-acoes","tag-alimentar","tag-aposentados","tag-assiduidade","tag-boa-fe","tag-calculo","tag-camara-legislativa-do-distrito-federal","tag-cldf","tag-contracheques","tag-conversao","tag-desconto","tag-descontos","tag-erario","tag-interpretacao","tag-legislacao","tag-licenca-premio","tag-pecunia","tag-rendimentos","tag-servidores","tag-suspensao","tag-valores"],"_links":{"self":[{"href":"https:\/\/blogs.correiobraziliense.com.br\/servidor\/wp-json\/wp\/v2\/posts\/11767","targetHints":{"allow":["GET"]}}],"collection":[{"href":"https:\/\/blogs.correiobraziliense.com.br\/servidor\/wp-json\/wp\/v2\/posts"}],"about":[{"href":"https:\/\/blogs.correiobraziliense.com.br\/servidor\/wp-json\/wp\/v2\/types\/post"}],"author":[{"embeddable":true,"href":"https:\/\/blogs.correiobraziliense.com.br\/servidor\/wp-json\/wp\/v2\/users\/27"}],"replies":[{"embeddable":true,"href":"https:\/\/blogs.correiobraziliense.com.br\/servidor\/wp-json\/wp\/v2\/comments?post=11767"}],"version-history":[{"count":1,"href":"https:\/\/blogs.correiobraziliense.com.br\/servidor\/wp-json\/wp\/v2\/posts\/11767\/revisions"}],"predecessor-version":[{"id":11768,"href":"https:\/\/blogs.correiobraziliense.com.br\/servidor\/wp-json\/wp\/v2\/posts\/11767\/revisions\/11768"}],"wp:attachment":[{"href":"https:\/\/blogs.correiobraziliense.com.br\/servidor\/wp-json\/wp\/v2\/media?parent=11767"}],"wp:term":[{"taxonomy":"category","embeddable":true,"href":"https:\/\/blogs.correiobraziliense.com.br\/servidor\/wp-json\/wp\/v2\/categories?post=11767"},{"taxonomy":"post_tag","embeddable":true,"href":"https:\/\/blogs.correiobraziliense.com.br\/servidor\/wp-json\/wp\/v2\/tags?post=11767"}],"curies":[{"name":"wp","href":"https:\/\/api.w.org\/{rel}","templated":true}]}}