{"id":11726,"date":"2019-02-01T13:52:15","date_gmt":"2019-02-01T15:52:15","guid":{"rendered":"https:\/\/blogs.correiobraziliense.com.br\/servidor\/?p=11726"},"modified":"2019-02-01T13:52:15","modified_gmt":"2019-02-01T15:52:15","slug":"mercado-ja-enxerga-rodrigo-maia-como-presidente-da-camara","status":"publish","type":"post","link":"https:\/\/blogs.correiobraziliense.com.br\/servidor\/mercado-ja-enxerga-rodrigo-maia-como-presidente-da-camara\/","title":{"rendered":"Mercado j\u00e1 enxerga Rodrigo Maia como presidente da C\u00e2mara"},"content":{"rendered":"<p><em>\u201cIsto porque Maia foi um dos principais articuladores pol\u00edticos da \u00faltima legislatura e suas concep\u00e7\u00f5es sobre economia convergem com as propostas do ministro Paulo Guedes\u201d, afirma Daniel Xavier, economista-chefe da DMI Group<\/em><\/p>\n<p>As elei\u00e7\u00f5es para a presid\u00eancia da C\u00e2mara e do Senado, nessa sexta-feira, ser\u00e3o muito importantes para o andamento das reformas econ\u00f4micas do novo governo. Isto porque os presidentes do Congresso pautam as vota\u00e7\u00f5es e determinam os l\u00edderes de cada comiss\u00e3o dentro das Casas. Rodrigo Maia (DEM-RJ) \u00e9 candidato \u00e0 reelei\u00e7\u00e3o para Presid\u00eancia da C\u00e2mara e o mercado j\u00e1 consegue enxerg\u00e1-lo como vencedor nesta corrida eleitoral. \u201cA poss\u00edvel elei\u00e7\u00e3o de Rodrigo Maia pode ter impactos bastante positivos para o pa\u00eds. Rodrigo ao longo da sua carreira vem se mostrando bastante articulado e com isso consegue falar com toda as bases, o que deixa ainda mais perto a aprova\u00e7\u00e3o das reformas\u201d, diz a s\u00f3cia-diretora da FB Wealth, Daniela Casabona.<\/p>\n<p>Para o diretor de c\u00e2mbio da FB Capital, Fernando Bergallo, Rodrigo Maia hoje \u00e9 a melhor op\u00e7\u00e3o para o governo e consequentemente para o mercado financeiro. \u201cCom necessidade urgente para aprovar as reformas que o pa\u00eds precisa, come\u00e7ando pela previd\u00eancia, Maia consegue reunir diversas bancadas para ter maioria nas vota\u00e7\u00f5es. Entretanto, \u00e9 preciso esperar para ver se o seu poder no comando do Congresso n\u00e3o ir\u00e1 exigir contrapartidas que Bolsonaro n\u00e3o atender\u00e1. S\u00f3 o tempo mostrar\u00e1\u201d, comenta Bergallo. Maia j\u00e1 conta com o apoio de mais de dez partidos que s\u00e3o favor\u00e1veis \u00e0 sua reelei\u00e7\u00e3o, lembrou.<\/p>\n<p>Quanto mais harmoniosa for a rela\u00e7\u00e3o entre o governo e o Congresso (C\u00e2mara e Senado), mais f\u00e1cil ser\u00e1 a aprecia\u00e7\u00e3o da pauta reformista, aspecto fundamental para a retomada do crescimento econ\u00f4mico. \u201cEm princ\u00edpio, a rela\u00e7\u00e3o entre o governo Bolsonaro e o deputado federal Rodrigo Maia, o mais prov\u00e1vel presidente da C\u00e2mara, deve ser bastante construtiva. Isto porque Maia foi um dos principais articuladores pol\u00edticos da \u00faltima legislatura e suas concep\u00e7\u00f5es sobre economia convergem com as propostas do ministro Paulo Guedes. Ou seja, Rodrigo Maia cont\u00e9m habilidade pol\u00edtica e vis\u00f5es econ\u00f4micas necess\u00e1rias para pautar as reformas estruturais na C\u00e2mara\u201d, explica Daniel Xavier, economista-chefe da DMI Group.<\/p>\n","protected":false},"excerpt":{"rendered":"<p>\u201cIsto porque Maia foi um dos principais articuladores pol\u00edticos da \u00faltima legislatura e suas concep\u00e7\u00f5es sobre economia convergem com as propostas do ministro Paulo Guedes\u201d, afirma Daniel Xavier, economista-chefe da DMI Group As elei\u00e7\u00f5es para a presid\u00eancia da C\u00e2mara e do Senado, nessa sexta-feira, ser\u00e3o muito importantes para o andamento das reformas econ\u00f4micas do novo governo. Isto porque os presidentes [&hellip;]<\/p>\n","protected":false},"author":27,"featured_media":0,"comment_status":"open","ping_status":"closed","sticky":false,"template":"","format":"standard","meta":{"footnotes":""},"categories":[2719],"tags":[1497,14550,14548,1257,61,1150,88,3338,10753,1961,489,14501,1411,14549,81,1893,3846,4174],"class_list":["post-11726","post","type-post","status-publish","format-standard","hentry","category-servidor","tag-aprovacao","tag-articulado","tag-articuladores","tag-bases","tag-camara","tag-comissao","tag-economia","tag-eleitoral","tag-legislatura","tag-lideres","tag-mercado","tag-paulo-guedes","tag-politicos","tag-porpostas","tag-presidente","tag-reformas","tag-rodrigo-maia","tag-vencedor"],"_links":{"self":[{"href":"https:\/\/blogs.correiobraziliense.com.br\/servidor\/wp-json\/wp\/v2\/posts\/11726","targetHints":{"allow":["GET"]}}],"collection":[{"href":"https:\/\/blogs.correiobraziliense.com.br\/servidor\/wp-json\/wp\/v2\/posts"}],"about":[{"href":"https:\/\/blogs.correiobraziliense.com.br\/servidor\/wp-json\/wp\/v2\/types\/post"}],"author":[{"embeddable":true,"href":"https:\/\/blogs.correiobraziliense.com.br\/servidor\/wp-json\/wp\/v2\/users\/27"}],"replies":[{"embeddable":true,"href":"https:\/\/blogs.correiobraziliense.com.br\/servidor\/wp-json\/wp\/v2\/comments?post=11726"}],"version-history":[{"count":1,"href":"https:\/\/blogs.correiobraziliense.com.br\/servidor\/wp-json\/wp\/v2\/posts\/11726\/revisions"}],"predecessor-version":[{"id":11727,"href":"https:\/\/blogs.correiobraziliense.com.br\/servidor\/wp-json\/wp\/v2\/posts\/11726\/revisions\/11727"}],"wp:attachment":[{"href":"https:\/\/blogs.correiobraziliense.com.br\/servidor\/wp-json\/wp\/v2\/media?parent=11726"}],"wp:term":[{"taxonomy":"category","embeddable":true,"href":"https:\/\/blogs.correiobraziliense.com.br\/servidor\/wp-json\/wp\/v2\/categories?post=11726"},{"taxonomy":"post_tag","embeddable":true,"href":"https:\/\/blogs.correiobraziliense.com.br\/servidor\/wp-json\/wp\/v2\/tags?post=11726"}],"curies":[{"name":"wp","href":"https:\/\/api.w.org\/{rel}","templated":true}]}}