{"id":11697,"date":"2019-01-31T14:01:45","date_gmt":"2019-01-31T16:01:45","guid":{"rendered":"https:\/\/blogs.correiobraziliense.com.br\/servidor\/?p=11697"},"modified":"2019-01-31T14:01:45","modified_gmt":"2019-01-31T16:01:45","slug":"tarifas-postais-sao-reajustadas-com-autorizacao-do-mctic","status":"publish","type":"post","link":"https:\/\/blogs.correiobraziliense.com.br\/servidor\/tarifas-postais-sao-reajustadas-com-autorizacao-do-mctic\/","title":{"rendered":"Tarifas postais s\u00e3o reajustadas com autoriza\u00e7\u00e3o do MCTIC"},"content":{"rendered":"<p><em>A corre\u00e7\u00e3o m\u00e9dia autorizada para este ano \u00e9 de 0,3893% para servi\u00e7os nacionais e internacionais. O primeiro porte da Carta Comercial e da Carta N\u00e3o Comercial n\u00e3o sofrer\u00e3o altera\u00e7\u00f5es, seus valores permanecem R$ 1,95 e R$ 1,30, respectivamente. No caso de Telegrama Nacional redigido pela internet, a nova tarifa \u00e9 de R$ 8,19 por p\u00e1gina. Antes, a tarifa vigente era de R$ 8,15<\/em><\/p>\n<p>O Minist\u00e9rio da Ci\u00eancia, Tecnologia, Inova\u00e7\u00f5es e Comunica\u00e7\u00f5es (MCTIC) publicou nesta quinta-feira (31), no Di\u00e1rio Oficial da Uni\u00e3o, a Portaria n\u00ba 349\/2019, que autoriza o reajuste nas tarifas dos servi\u00e7os postais prestados em regime de exclusividade pelos Correios<\/p>\n<p>O reajuste, em conformidade com o disposto na Portaria do Minist\u00e9rio da Fazenda n\u00ba 386, de 31\/08\/2018, que regulamenta o processo de reajuste das tarifas postais, considerou o IPCA acumulado de outubro a dezembro de 2018.<\/p>\n<p>As novas tarifas n\u00e3o se aplicam aos segmentos de encomendas e marketing, que s\u00e3o concorrenciais.<\/p>\n","protected":false},"excerpt":{"rendered":"<p>A corre\u00e7\u00e3o m\u00e9dia autorizada para este ano \u00e9 de 0,3893% para servi\u00e7os nacionais e internacionais. O primeiro porte da Carta Comercial e da Carta N\u00e3o Comercial n\u00e3o sofrer\u00e3o altera\u00e7\u00f5es, seus valores permanecem R$ 1,95 e R$ 1,30, respectivamente. No caso de Telegrama Nacional redigido pela internet, a nova tarifa \u00e9 de R$ 8,19 por p\u00e1gina. Antes, a tarifa vigente era [&hellip;]<\/p>\n","protected":false},"author":27,"featured_media":0,"comment_status":"open","ping_status":"closed","sticky":false,"template":"","format":"standard","meta":{"footnotes":""},"categories":[2719],"tags":[20,1769,1232,9531,200,5962,13878,5961],"class_list":["post-11697","post","type-post","status-publish","format-standard","hentry","category-servidor","tag-correios","tag-dou","tag-internacionais","tag-mctic","tag-nacionais","tag-postais","tag-reajustadas","tag-tarifas"],"_links":{"self":[{"href":"https:\/\/blogs.correiobraziliense.com.br\/servidor\/wp-json\/wp\/v2\/posts\/11697","targetHints":{"allow":["GET"]}}],"collection":[{"href":"https:\/\/blogs.correiobraziliense.com.br\/servidor\/wp-json\/wp\/v2\/posts"}],"about":[{"href":"https:\/\/blogs.correiobraziliense.com.br\/servidor\/wp-json\/wp\/v2\/types\/post"}],"author":[{"embeddable":true,"href":"https:\/\/blogs.correiobraziliense.com.br\/servidor\/wp-json\/wp\/v2\/users\/27"}],"replies":[{"embeddable":true,"href":"https:\/\/blogs.correiobraziliense.com.br\/servidor\/wp-json\/wp\/v2\/comments?post=11697"}],"version-history":[{"count":1,"href":"https:\/\/blogs.correiobraziliense.com.br\/servidor\/wp-json\/wp\/v2\/posts\/11697\/revisions"}],"predecessor-version":[{"id":11698,"href":"https:\/\/blogs.correiobraziliense.com.br\/servidor\/wp-json\/wp\/v2\/posts\/11697\/revisions\/11698"}],"wp:attachment":[{"href":"https:\/\/blogs.correiobraziliense.com.br\/servidor\/wp-json\/wp\/v2\/media?parent=11697"}],"wp:term":[{"taxonomy":"category","embeddable":true,"href":"https:\/\/blogs.correiobraziliense.com.br\/servidor\/wp-json\/wp\/v2\/categories?post=11697"},{"taxonomy":"post_tag","embeddable":true,"href":"https:\/\/blogs.correiobraziliense.com.br\/servidor\/wp-json\/wp\/v2\/tags?post=11697"}],"curies":[{"name":"wp","href":"https:\/\/api.w.org\/{rel}","templated":true}]}}