{"id":11695,"date":"2019-01-31T13:58:02","date_gmt":"2019-01-31T15:58:02","guid":{"rendered":"https:\/\/blogs.correiobraziliense.com.br\/servidor\/?p=11695"},"modified":"2019-01-31T13:58:02","modified_gmt":"2019-01-31T15:58:02","slug":"vale-anuncia-coordenadora-do-comite-independente-de-assessoramento-extraordinario-de-apuracao","status":"publish","type":"post","link":"https:\/\/blogs.correiobraziliense.com.br\/servidor\/vale-anuncia-coordenadora-do-comite-independente-de-assessoramento-extraordinario-de-apuracao\/","title":{"rendered":"Vale anuncia coordenadora do Comit\u00ea Independente de Assessoramento Extraordin\u00e1rio de Apura\u00e7\u00e3o"},"content":{"rendered":"<p><em>Por veio de nota, a Vale anuncia que, ap\u00f3s processo de sele\u00e7\u00e3o liderado pela empresa internacional de consultoria Korn Ferry, o Conselho de Administra\u00e7\u00e3o da Vale confirmou a nomea\u00e7\u00e3o da Ex-ministra do Supremo Tribunal Federal (STF), Ellen Gracie, para atuar como coordenadora do Comit\u00ea Independente de Assessoramento Extraordin\u00e1rio de Apura\u00e7\u00e3o (CIAEA)<\/em><\/p>\n<p>&#8220;Conforme informado ao mercado em 27 de janeiro, o CIAEA foi criado para apoiar o Conselho de Administra\u00e7\u00e3o na apura\u00e7\u00e3o de causas e eventuais responsabilidades no contexto do rompimento da Barragem I da Mina C\u00f3rrego de Feij\u00e3o, em Brumadinho (MG)&#8221;, destaca o documento.<\/p>\n","protected":false},"excerpt":{"rendered":"<p>Por veio de nota, a Vale anuncia que, ap\u00f3s processo de sele\u00e7\u00e3o liderado pela empresa internacional de consultoria Korn Ferry, o Conselho de Administra\u00e7\u00e3o da Vale confirmou a nomea\u00e7\u00e3o da Ex-ministra do Supremo Tribunal Federal (STF), Ellen Gracie, para atuar como coordenadora do Comit\u00ea Independente de Assessoramento Extraordin\u00e1rio de Apura\u00e7\u00e3o (CIAEA) &#8220;Conforme informado ao mercado em 27 de janeiro, o [&hellip;]<\/p>\n","protected":false},"author":27,"featured_media":0,"comment_status":"open","ping_status":"closed","sticky":false,"template":"","format":"standard","meta":{"footnotes":""},"categories":[2719],"tags":[14513,14429,14509,1631,14512,14515,14511,14510,14514,307,8258,2264],"class_list":["post-11695","post","type-post","status-publish","format-standard","hentry","category-servidor","tag-barragem-1","tag-brumadinho","tag-ciaea","tag-comite","tag-coordenadora","tag-corrego-do-feijao","tag-ellen-gracie","tag-korn-ferry","tag-mina","tag-nomeacao","tag-rompimento","tag-vale"],"_links":{"self":[{"href":"https:\/\/blogs.correiobraziliense.com.br\/servidor\/wp-json\/wp\/v2\/posts\/11695","targetHints":{"allow":["GET"]}}],"collection":[{"href":"https:\/\/blogs.correiobraziliense.com.br\/servidor\/wp-json\/wp\/v2\/posts"}],"about":[{"href":"https:\/\/blogs.correiobraziliense.com.br\/servidor\/wp-json\/wp\/v2\/types\/post"}],"author":[{"embeddable":true,"href":"https:\/\/blogs.correiobraziliense.com.br\/servidor\/wp-json\/wp\/v2\/users\/27"}],"replies":[{"embeddable":true,"href":"https:\/\/blogs.correiobraziliense.com.br\/servidor\/wp-json\/wp\/v2\/comments?post=11695"}],"version-history":[{"count":1,"href":"https:\/\/blogs.correiobraziliense.com.br\/servidor\/wp-json\/wp\/v2\/posts\/11695\/revisions"}],"predecessor-version":[{"id":11696,"href":"https:\/\/blogs.correiobraziliense.com.br\/servidor\/wp-json\/wp\/v2\/posts\/11695\/revisions\/11696"}],"wp:attachment":[{"href":"https:\/\/blogs.correiobraziliense.com.br\/servidor\/wp-json\/wp\/v2\/media?parent=11695"}],"wp:term":[{"taxonomy":"category","embeddable":true,"href":"https:\/\/blogs.correiobraziliense.com.br\/servidor\/wp-json\/wp\/v2\/categories?post=11695"},{"taxonomy":"post_tag","embeddable":true,"href":"https:\/\/blogs.correiobraziliense.com.br\/servidor\/wp-json\/wp\/v2\/tags?post=11695"}],"curies":[{"name":"wp","href":"https:\/\/api.w.org\/{rel}","templated":true}]}}