{"id":11692,"date":"2019-01-31T13:00:01","date_gmt":"2019-01-31T15:00:01","guid":{"rendered":"https:\/\/blogs.correiobraziliense.com.br\/servidor\/?p=11692"},"modified":"2019-01-31T13:00:01","modified_gmt":"2019-01-31T15:00:01","slug":"tcu-determina-que-presidencia-da-republica-fortaleca-o-incra-e-faca-concurso-publico","status":"publish","type":"post","link":"https:\/\/blogs.correiobraziliense.com.br\/servidor\/tcu-determina-que-presidencia-da-republica-fortaleca-o-incra-e-faca-concurso-publico\/","title":{"rendered":"TCU determina que Presid\u00eancia da Rep\u00fablica fortale\u00e7a o Incra e fa\u00e7a concurso p\u00fablico"},"content":{"rendered":"<p><em>A decis\u00e3o foi publicada no Di\u00e1rio Oficial da Uni\u00e3o (DOU) de hoje (31\/01\/2019), na Edi\u00e7\u00e3o 22, Se\u00e7\u00e3o 1, P\u00e1gina, 51. O material est\u00e1 contido na Ata n\u00ba 50, de 12 de dezembro de 2018, nos itens 9.2.2, 9.4 e 9.8.1<\/em><\/p>\n<p>Em sess\u00e3o extraordin\u00e1ria do plen\u00e1rio, o Tribunal de Contas da Uni\u00e3o (TCU) determinou, entre outras decis\u00f5es, que a Presid\u00eancia de Rep\u00fablica\/Casa Civil apresente, em 90 dias, plano de a\u00e7\u00e3o com metas de implementa\u00e7\u00e3o de estrat\u00e9gia e a\u00e7\u00f5es no sentido de:<\/p>\n<p>&#8211; dotar o Instituto Nacional de Coloniza\u00e7\u00e3o e Reforma Agr\u00e1ria (Incra) das condi\u00e7\u00f5es adequadas de prestar assist\u00eancia t\u00e9cnica e extens\u00e3o rural a seu p\u00fablico-alvo;<\/p>\n<p>&#8211; n\u00e3o se omitam diante de quaisquer propostas de consolida\u00e7\u00e3o de assentamentos, apresentando avalia\u00e7\u00e3o dos investimentos e condi\u00e7\u00f5es necess\u00e1rios para garantir a sustentabilidade econ\u00f4mica do assentamento e a vida digna aos assentados;<\/p>\n<p>&#8211; reforce o apoio do governo federal \u00e0 estrutura\u00e7\u00e3o do Incra de forma a refor\u00e7ar a oferta de assist\u00eancia t\u00e9cnica cont\u00ednua e a<strong> estimular a realiza\u00e7\u00e3o de novos concursos para o \u00f3rg\u00e3o<\/strong><\/p>\n<p>A decis\u00e3o est\u00e1 publicada no Di\u00e1rio Oficial da Uni\u00e3o (DOU) de 31\/01\/2019 &#8211; na Edi\u00e7\u00e3o: 22, Se\u00e7\u00e3o 1, P\u00e1gina, 51. O material est\u00e1 contido na ATA N\u00ba 50, DE 12 DE DEZEMBRO DE 2018, especificamente nos itens: 9.2.2 , 9.4, 9.8.1.<\/p>\n<p>(&#8230;)<\/p>\n<p>9.1. Determinar \u00e0 Casa Civil da Presid\u00eancia da Rep\u00fablica que, em articula\u00e7\u00e3o com o Grupo Gestor do Plano Progredir (GGPP), com fulcro no Decreto n\u00ba 8.889\/2016, art. 1\u00ba, inciso I, do Anexo I, e Decreto n\u00ba 9.160\/2017, art. 5\u00ba, inciso 1\u00ba, coordene e apresente, em 90 dias, plano de a\u00e7\u00e3o com metas de implementa\u00e7\u00e3o, seus respons\u00e1veis e estrat\u00e9gia de interc\u00e2mbio das a\u00e7\u00f5es entre o Minist\u00e9rio do Desenvolvimento Social (MDS), o Minist\u00e9rio do Trabalho (MTb) e o Minist\u00e9rio da Educa\u00e7\u00e3o (MEC), tratando no m\u00ednimo de quest\u00f5es, como:<\/p>\n<p>(&#8230;)<\/p>\n<p>9.2.2. adote, em 120 dias, medidas necess\u00e1rias para rever o entendimento que impossibilita Sead e Anater de atenderem agricultores assentados da reforma agr\u00e1ria ou dote o Instituto Nacional de Coloniza\u00e7\u00e3o e Reforma Agr\u00e1ria (Incra) das condi\u00e7\u00f5es adequadas de prestar assist\u00eancia t\u00e9cnica e extens\u00e3o rural a seu p\u00fablico-alvo (\u00a7 141);<\/p>\n<p>(\u2026)<\/p>\n<p>9.4. Determinar ao Instituto Nacional de Coloniza\u00e7\u00e3o e Reforma Agr\u00e1ria (Incra), enquanto estiverem vigentes os \u00a7\u00a7 6\u00ba e 7\u00ba do art. 17 da Lei 8.629\/1993, e com base nesse mesmo \u00a7 6\u00ba e at\u00e9 que seja analisada a avalia\u00e7\u00e3o solicitada no item (2.c) deste relat\u00f3rio \u00e0 Casa Civil, que n\u00e3o se omita diante de quaisquer propostas de consolida\u00e7\u00e3o de assentamentos, apresentando avalia\u00e7\u00e3o dos investimentos e condi\u00e7\u00f5es necess\u00e1rios para garantir a sustentabilidade econ\u00f4mica do assentamento e a vida digna aos assentados, independente de transcorridos os per\u00edodos previstos pelos citados par\u00e1grafos, desde a cria\u00e7\u00e3o do assentamento (\u00a7 163)<\/p>\n<p>(\u2026)<\/p>\n<p>9.8. Recomendar \u00e0 Casa Civil da Presid\u00eancia da Rep\u00fablica que:<\/p>\n<p>9.8.1. reforce o apoio do Governo Federal \u00e0 estrutura\u00e7\u00e3o do Incra e das Empresas de Assist\u00eancia T\u00e9cnica e Extens\u00e3o Rural (Emateres) e entidades estaduais similares, de forma a refor\u00e7ar a oferta de Ater cont\u00ednua e a estimular a realiza\u00e7\u00e3o de novos concursos por esses \u00f3rg\u00e3os para a contrata\u00e7\u00e3o de t\u00e9cnicos extensionistas, tendo em vista a natureza cont\u00ednua e relevante dos servi\u00e7os prestados (\u00a7 251);<\/p>\n<p>http:\/\/www.in.gov.br\/materia\/-\/asset_publisher\/Kujrw0TZC2Mb\/content\/id\/61357555\/do1-2019-01-31-ata-n-50-de-12-de-dezembro-de-2018-61357227<\/p>\n","protected":false},"excerpt":{"rendered":"<p>A decis\u00e3o foi publicada no Di\u00e1rio Oficial da Uni\u00e3o (DOU) de hoje (31\/01\/2019), na Edi\u00e7\u00e3o 22, Se\u00e7\u00e3o 1, P\u00e1gina, 51. O material est\u00e1 contido na Ata n\u00ba 50, de 12 de dezembro de 2018, nos itens 9.2.2, 9.4 e 9.8.1 Em sess\u00e3o extraordin\u00e1ria do plen\u00e1rio, o Tribunal de Contas da Uni\u00e3o (TCU) determinou, entre outras decis\u00f5es, que a Presid\u00eancia de [&hellip;]<\/p>\n","protected":false},"author":27,"featured_media":0,"comment_status":"open","ping_status":"closed","sticky":false,"template":"","format":"standard","meta":{"footnotes":""},"categories":[2719],"tags":[14507,14508,766,1851,1769,14505,14506,2863,5823,7362,392,2045,6970,765,7030,8334,635],"class_list":["post-11692","post","type-post","status-publish","format-standard","hentry","category-servidor","tag-anater","tag-assentados","tag-casa-civil","tag-concurso-publico","tag-dou","tag-fortaleca","tag-ggpp","tag-incra","tag-intercambio","tag-mds","tag-mec","tag-metas","tag-mtb","tag-presidencia-da-republica","tag-reforma-agraria","tag-sead","tag-tcu"],"_links":{"self":[{"href":"https:\/\/blogs.correiobraziliense.com.br\/servidor\/wp-json\/wp\/v2\/posts\/11692","targetHints":{"allow":["GET"]}}],"collection":[{"href":"https:\/\/blogs.correiobraziliense.com.br\/servidor\/wp-json\/wp\/v2\/posts"}],"about":[{"href":"https:\/\/blogs.correiobraziliense.com.br\/servidor\/wp-json\/wp\/v2\/types\/post"}],"author":[{"embeddable":true,"href":"https:\/\/blogs.correiobraziliense.com.br\/servidor\/wp-json\/wp\/v2\/users\/27"}],"replies":[{"embeddable":true,"href":"https:\/\/blogs.correiobraziliense.com.br\/servidor\/wp-json\/wp\/v2\/comments?post=11692"}],"version-history":[{"count":1,"href":"https:\/\/blogs.correiobraziliense.com.br\/servidor\/wp-json\/wp\/v2\/posts\/11692\/revisions"}],"predecessor-version":[{"id":11694,"href":"https:\/\/blogs.correiobraziliense.com.br\/servidor\/wp-json\/wp\/v2\/posts\/11692\/revisions\/11694"}],"wp:attachment":[{"href":"https:\/\/blogs.correiobraziliense.com.br\/servidor\/wp-json\/wp\/v2\/media?parent=11692"}],"wp:term":[{"taxonomy":"category","embeddable":true,"href":"https:\/\/blogs.correiobraziliense.com.br\/servidor\/wp-json\/wp\/v2\/categories?post=11692"},{"taxonomy":"post_tag","embeddable":true,"href":"https:\/\/blogs.correiobraziliense.com.br\/servidor\/wp-json\/wp\/v2\/tags?post=11692"}],"curies":[{"name":"wp","href":"https:\/\/api.w.org\/{rel}","templated":true}]}}