{"id":1169,"date":"2016-03-02T14:43:41","date_gmt":"2016-03-02T17:43:41","guid":{"rendered":"https:\/\/blogs.correiobraziliense.com.br\/servidor\/?p=1169"},"modified":"2016-03-02T14:43:41","modified_gmt":"2016-03-02T17:43:41","slug":"anauni-nota-de-esclarecimento","status":"publish","type":"post","link":"https:\/\/blogs.correiobraziliense.com.br\/servidor\/anauni-nota-de-esclarecimento\/","title":{"rendered":"ANAUNI &#8211; NOTA DE ESCLARECIMENTO"},"content":{"rendered":"<p>Acerca de recentes informa\u00e7\u00f5es que foram veiculadas nos meios de imprensa do pa\u00eds, de que os \u201cAdvogados da Uni\u00e3o\u201d estariam repudiando a nomea\u00e7\u00e3o do Exmo. Sr. Ministro de Estado Jos\u00e9 Eduardo Cardoso para o cargo de Advogado-Geral da Uni\u00e3o, a Associa\u00e7\u00e3o Nacional dos Advogados da Uni\u00e3o (Anauni) vem prestar os seguintes esclarecimentos:<\/p>\n<p>I \u2013 Em nenhum momento a Associa\u00e7\u00e3o Nacional dos Advogados da Uni\u00e3o 9Anauni) assinou qualquer nota ou se manifestou publicamente em rep\u00fadio \u00e0 nomea\u00e7\u00e3o do Ministro Jos\u00e9 Eduardo Cardoso para o cargo de Advogado-Geral da Uni\u00e3o, n\u00e3o sendo correta a informa\u00e7\u00e3o propalada por boa parte da imprensa no sentido de que os Advogados da Uni\u00e3o teriam adotado tal postura em face do novel AGU;<\/p>\n<p>II \u2013 A Associa\u00e7\u00e3o Nacional dos Advogados da Uni\u00e3o (Anauni), leg\u00edtima representante da carreira de Advogado da Uni\u00e3o j\u00e1 se manifestou em nota p\u00fablica veiculada em seu site (<a href=\"http:\/\/www.anauni.org.br\/?p=12898\">http:\/\/www.anauni.org.br\/?p=12898<\/a>), na qual consignou a sua posi\u00e7\u00e3o sobre o assunto, n\u00e3o tendo havido a sua ades\u00e3o a nenhuma outra nota ou manifesto que tenha como objetivo o rep\u00fadio \u00e0 vinda do Ministro Jos\u00e9 Eduardo Cardoso para a AGU;<\/p>\n<p>III \u2013 Conv\u00e9m ainda ressalvar que as manifesta\u00e7\u00f5es contr\u00e1rias \u00e0 nomea\u00e7\u00e3o do Ministro Jos\u00e9 Eduardo Cardoso partiram de outras entidades associativas e sindicais, como foi o caso da nota de rep\u00fadio assinada pela Uni\u00e3o dos Advogados P\u00fablicos Federais (Unafe)(<a href=\"http:\/\/unafe.org.br\/index.php\/nota-de-repudio-a-nomeacao-do-novo-advogado-geral-da-uniao\/\">http:\/\/unafe.org.br\/index.php\/nota-de-repudio-a-nomeacao-do-novo-advogado-geral-da-uniao\/<\/a>), pela Associa\u00e7\u00e3o Nacional dos Procuradores do Banco Central (APBC), e Sindicato dos Procuradores da Fazenda Nacional (Sinprofaz) ( <a href=\"http:\/\/www.sinprofaz.org.br\/noticias\/nota-de-repudio-a-nomeacao-do-novo-advogado-geral-da-uniao\">http:\/\/www.sinprofaz.org.br\/noticias\/nota-de-repudio-a-nomeacao-do-novo-advogado-geral-da-uniao<\/a>), entidades que possuem, entre seus representados, integrantes de outras carreiras da Advocacia P\u00fablica Federal.<\/p>\n<p>IV \u2013 Imp\u00f5e-se registrar que a Anauni j\u00e1 possui sua legitimidade reconhecida pelo Supremo Tribunal Federal para representar a carreira de Advogado da Uni\u00e3o (ADI 2713). Portanto, s\u00e3o, no m\u00ednimo, question\u00e1veis os motivos pelos quais se chegou \u00e0 conclus\u00e3o de que os Advogados da Uni\u00e3o repudiam a indica\u00e7\u00e3o ora comentada.<\/p>\n<p>V &#8211; Por fim, a Anauni reitera a import\u00e2ncia de valoriza\u00e7\u00e3o da AGU como institui\u00e7\u00e3o estrat\u00e9gica no sistema jur\u00eddico-pol\u00edtico brasileiro, como forma de fortalecer a defesa das pol\u00edticas p\u00fablicas e das decis\u00f5es pol\u00edticas do Poder Legislativo e do Poder Executivo, dando-se, assim, maior seguran\u00e7a jur\u00eddica, estabilidade e previsibilidade na aplica\u00e7\u00e3o da Constitui\u00e7\u00e3o e das leis.<\/p>\n<p>&nbsp;<\/p>\n<p><strong>Bras\u00edlia, 02 de mar\u00e7o de 2016.<\/p>\n<p>ASSOCIA\u00c7\u00c3O NACIONAL DOS ADVOGADOS DA UNI\u00c3O &#8211; ANAUNI<\/strong><\/p>\n","protected":false},"excerpt":{"rendered":"<p>Acerca de recentes informa\u00e7\u00f5es que foram veiculadas nos meios de imprensa do pa\u00eds, de que os \u201cAdvogados da Uni\u00e3o\u201d estariam repudiando a nomea\u00e7\u00e3o do Exmo. Sr. Ministro de Estado Jos\u00e9 Eduardo Cardoso para o cargo de Advogado-Geral da Uni\u00e3o, a Associa\u00e7\u00e3o Nacional dos Advogados da Uni\u00e3o (Anauni) vem prestar os seguintes esclarecimentos: I \u2013 Em nenhum momento a Associa\u00e7\u00e3o Nacional [&hellip;]<\/p>\n","protected":false},"author":27,"featured_media":0,"comment_status":"open","ping_status":"closed","sticky":false,"template":"","format":"standard","meta":{"footnotes":""},"categories":[1],"tags":[1182,157,186,1184,322,1181,561,307,1183],"class_list":["post-1169","post","type-post","status-publish","format-standard","hentry","category-sem-categoria","tag-advogados-da-uniao","tag-agu","tag-anauni","tag-cardozo","tag-esclarecimento","tag-imprensa","tag-informacoes","tag-nomeacao","tag-repudiando"],"_links":{"self":[{"href":"https:\/\/blogs.correiobraziliense.com.br\/servidor\/wp-json\/wp\/v2\/posts\/1169","targetHints":{"allow":["GET"]}}],"collection":[{"href":"https:\/\/blogs.correiobraziliense.com.br\/servidor\/wp-json\/wp\/v2\/posts"}],"about":[{"href":"https:\/\/blogs.correiobraziliense.com.br\/servidor\/wp-json\/wp\/v2\/types\/post"}],"author":[{"embeddable":true,"href":"https:\/\/blogs.correiobraziliense.com.br\/servidor\/wp-json\/wp\/v2\/users\/27"}],"replies":[{"embeddable":true,"href":"https:\/\/blogs.correiobraziliense.com.br\/servidor\/wp-json\/wp\/v2\/comments?post=1169"}],"version-history":[{"count":1,"href":"https:\/\/blogs.correiobraziliense.com.br\/servidor\/wp-json\/wp\/v2\/posts\/1169\/revisions"}],"predecessor-version":[{"id":1170,"href":"https:\/\/blogs.correiobraziliense.com.br\/servidor\/wp-json\/wp\/v2\/posts\/1169\/revisions\/1170"}],"wp:attachment":[{"href":"https:\/\/blogs.correiobraziliense.com.br\/servidor\/wp-json\/wp\/v2\/media?parent=1169"}],"wp:term":[{"taxonomy":"category","embeddable":true,"href":"https:\/\/blogs.correiobraziliense.com.br\/servidor\/wp-json\/wp\/v2\/categories?post=1169"},{"taxonomy":"post_tag","embeddable":true,"href":"https:\/\/blogs.correiobraziliense.com.br\/servidor\/wp-json\/wp\/v2\/tags?post=1169"}],"curies":[{"name":"wp","href":"https:\/\/api.w.org\/{rel}","templated":true}]}}