{"id":11684,"date":"2019-01-30T20:11:53","date_gmt":"2019-01-30T22:11:53","guid":{"rendered":"https:\/\/blogs.correiobraziliense.com.br\/servidor\/?p=11684"},"modified":"2019-01-30T20:11:53","modified_gmt":"2019-01-30T22:11:53","slug":"petrobras-homologacao-de-acordo-com-o-ministerio-publico-federal","status":"publish","type":"post","link":"https:\/\/blogs.correiobraziliense.com.br\/servidor\/petrobras-homologacao-de-acordo-com-o-ministerio-publico-federal\/","title":{"rendered":"Petrobras &#8211; Homologa\u00e7\u00e3o de acordo com o Minist\u00e9rio P\u00fablico Federal"},"content":{"rendered":"<p><em>A Petrobras informa que pagou parte do Acordo de Assun\u00e7\u00e3o de Compromissos celebrado com o Minist\u00e9rio P\u00fablico Federal (MPF), que foi homologado judicialmente em 25 de janeiro \u00faltimo, no valor de US$ 682,6 milh\u00f5es. O montante corresponde a 80% do valor da resolu\u00e7\u00e3o celebrada com o Departamento de Justi\u00e7a (DoJ) e a Securities &amp; Exchange Commission (SEC) nos Estados Unidos.<\/em><\/p>\n<p>O acordo estabelece que metade do valor depositado ser\u00e1 revertido para um fundo patrimonial gerido por meio de uma funda\u00e7\u00e3o independente (a ser constitu\u00edda), que investir\u00e1 em projetos, iniciativas e desenvolvimento institucional de entidades id\u00f4neas, que reforcem a cultura de respeito \u00e0 legalidade e aos valores democr\u00e1ticos, de modo apartid\u00e1rio, por meio da promo\u00e7\u00e3o da cidadania participativa e que promovam a conscientiza\u00e7\u00e3o da popula\u00e7\u00e3o brasileira sobre a import\u00e2ncia da integridade no ambiente p\u00fablico e privado, dentre outras finalidades semelhantes, de acordo com as diretrizes do MPF e sem inger\u00eancia da Petrobras. A outra metade poder\u00e1 ser utilizada para atender eventuais condena\u00e7\u00f5es da companhia em demandas de investidores ou para pagamento de poss\u00edveis acordos, destaca a estatal.<\/p>\n<p>Al\u00e9m disso, o acordo refor\u00e7a o compromisso da Petrobras de melhoria cont\u00ednua do seu programa de conformidade.<\/p>\n<p>&#8220;Por fim, importante esclarecer que a assinatura deste acordo n\u00e3o implica, por parte da Petrobras, confiss\u00e3o ou reconhecimento de responsabilidade por danos alegados por terceiros, tampouco da pr\u00f3pria exist\u00eancia de algum preju\u00edzo por eles experimentado&#8221;, assinala a nota.<\/p>\n","protected":false},"excerpt":{"rendered":"<p>A Petrobras informa que pagou parte do Acordo de Assun\u00e7\u00e3o de Compromissos celebrado com o Minist\u00e9rio P\u00fablico Federal (MPF), que foi homologado judicialmente em 25 de janeiro \u00faltimo, no valor de US$ 682,6 milh\u00f5es. O montante corresponde a 80% do valor da resolu\u00e7\u00e3o celebrada com o Departamento de Justi\u00e7a (DoJ) e a Securities &amp; Exchange Commission (SEC) nos Estados Unidos. [&hellip;]<\/p>\n","protected":false},"author":27,"featured_media":0,"comment_status":"open","ping_status":"closed","sticky":false,"template":"","format":"standard","meta":{"footnotes":""},"categories":[2719],"tags":[112,2047,206,14497,439,2779,9974,14498,3355,4039,6404,14496,4907,2138,2715,1619,4408,453,201,1300,4040],"class_list":["post-11684","post","type-post","status-publish","format-standard","hentry","category-servidor","tag-acordo","tag-acordos","tag-ambiente","tag-apartidario","tag-cidadania","tag-compromissos","tag-condenacoes","tag-conscientizacao","tag-desenvolvimento","tag-doj","tag-estados-unidos","tag-fundo-patrimonial","tag-homologacao","tag-institucional","tag-integridade","tag-investidores","tag-legalidade","tag-mpf","tag-petrobras","tag-projetos","tag-sec"],"_links":{"self":[{"href":"https:\/\/blogs.correiobraziliense.com.br\/servidor\/wp-json\/wp\/v2\/posts\/11684","targetHints":{"allow":["GET"]}}],"collection":[{"href":"https:\/\/blogs.correiobraziliense.com.br\/servidor\/wp-json\/wp\/v2\/posts"}],"about":[{"href":"https:\/\/blogs.correiobraziliense.com.br\/servidor\/wp-json\/wp\/v2\/types\/post"}],"author":[{"embeddable":true,"href":"https:\/\/blogs.correiobraziliense.com.br\/servidor\/wp-json\/wp\/v2\/users\/27"}],"replies":[{"embeddable":true,"href":"https:\/\/blogs.correiobraziliense.com.br\/servidor\/wp-json\/wp\/v2\/comments?post=11684"}],"version-history":[{"count":1,"href":"https:\/\/blogs.correiobraziliense.com.br\/servidor\/wp-json\/wp\/v2\/posts\/11684\/revisions"}],"predecessor-version":[{"id":11685,"href":"https:\/\/blogs.correiobraziliense.com.br\/servidor\/wp-json\/wp\/v2\/posts\/11684\/revisions\/11685"}],"wp:attachment":[{"href":"https:\/\/blogs.correiobraziliense.com.br\/servidor\/wp-json\/wp\/v2\/media?parent=11684"}],"wp:term":[{"taxonomy":"category","embeddable":true,"href":"https:\/\/blogs.correiobraziliense.com.br\/servidor\/wp-json\/wp\/v2\/categories?post=11684"},{"taxonomy":"post_tag","embeddable":true,"href":"https:\/\/blogs.correiobraziliense.com.br\/servidor\/wp-json\/wp\/v2\/tags?post=11684"}],"curies":[{"name":"wp","href":"https:\/\/api.w.org\/{rel}","templated":true}]}}