{"id":11656,"date":"2019-01-28T20:51:00","date_gmt":"2019-01-28T22:51:00","guid":{"rendered":"https:\/\/blogs.correiobraziliense.com.br\/servidor\/?p=11656"},"modified":"2019-01-28T20:51:00","modified_gmt":"2019-01-28T22:51:00","slug":"28-de-janeiro-chacina-de-unai-completa-15-anos","status":"publish","type":"post","link":"https:\/\/blogs.correiobraziliense.com.br\/servidor\/28-de-janeiro-chacina-de-unai-completa-15-anos\/","title":{"rendered":"28 de janeiro: Chacina de Una\u00ed completa 15 anos."},"content":{"rendered":"<p><em>15 anos da trag\u00e9dia s\u00e3o marcados por protestos contra impunidade dos mandantes<\/em><\/p>\n<p>No ato em frente ao Tribunal Regional Federal da 1\u00aa Regi\u00e3o (TRF1), em Bras\u00edlia, auditores-fiscais do Trabalho e o Sinait reivindicaram \u201cJusti\u00e7a j\u00e1\u201d para os mandantes e intermedi\u00e1rios da Chacina de Una\u00ed, nesta segunda-feira, 28 de janeiro. Neste ano, a indigna\u00e7\u00e3o da categoria ganhou ainda mais for\u00e7a, em raz\u00e3o de a 4\u00aa Turma do Tribunal ter atenuado as penas dos criminosos, que est\u00e3o em liberdade.<\/p>\n<p>No dia 19 de novembro de 2018, o TRF1 anulou o julgamento de Ant\u00e9rio M\u00e2nica \u2013 um dos mandantes -, e reduziu as penas de Norberto M\u00e2nica \u2013 mandante -, Hugo Alves Pimenta \u2013 intermedi\u00e1rio &#8211; e Jos\u00e9 Alberto de Castro \u2013 intermedi\u00e1rio. Os executores s\u00e3o os \u00fanicos que cumprem penas.<\/p>\n<p>O epis\u00f3dio que ficou conhecido como Chacina de Una\u00ed ocorreu no dia 28 de janeiro de 2004, quando os auditores-fiscais do Trabalho Erat\u00f3stenes de Almeida Gonsalves, Jo\u00e3o Batista Soares Lage e Nelson Jos\u00e9 da Silva e o motorista do Minist\u00e9rio do Trabalho Ailton Pereira de Oliveira, foram emboscados e mortos. O grupo atuava numa fiscaliza\u00e7\u00e3o em zona rural no munic\u00edpio de Una\u00ed (MG), investigando den\u00fancias de explora\u00e7\u00e3o de trabalhadores. O crime completa 15 anos, em 2019 .<\/p>\n<p>Para a vi\u00fava do auditor-fiscal do Trabalho Erat\u00f3stenes, Marinez Lina de Laia, o dia da senten\u00e7a do TRF1 foi o pior desde que o crime ocorreu. \u201cOs desembargadores rasgaram a nossa luta por puni\u00e7\u00e3o aos assassinos. Foi um resultado amargo. Eu gostaria de poder dizer que a justi\u00e7a foi feita, mas, por mais um ano, estou aqui, sem saber quando ser\u00e1 o fim.\u201d<\/p>\n<p>O presidente do Sinait, Carlos Silva, pediu a pris\u00e3o dos mandantes e intermedi\u00e1rios. \u201cN\u00e3o temos a menor d\u00favida da culpa dos mandantes, s\u00e3o eles os criminosos e lugar de criminoso \u00e9 na cadeia. E pedimos cadeia para todos eles. N\u00e3o vamos desistir, justi\u00e7a sempre, justi\u00e7a j\u00e1.\u201d<\/p>\n<p>O dirigente, a vice-presidente do Sinait, Rosa Jorge, e Marinez foram recebidos pelo presidente do TRF1, o desembargador Carlos Eduardo Moreira Alves. No entanto, n\u00e3o tiveram do magistrado nenhum compromisso com a puni\u00e7\u00e3o dos assassinos dos servidores.<\/p>\n<p>\u201cEle disse que n\u00e3o \u00e9 respons\u00e1vel por essa decis\u00e3o. E eu disse a ele: \u2018Ent\u00e3o, desembargador, avise a quem \u00e9 o respons\u00e1vel que a decis\u00e3o dele pode aumentar a dor das fam\u00edlias e dos auditores-fiscais do Trabalho. Nos ajude a reafirmar, apesar das frustra\u00e7\u00f5es, nossa cren\u00e7a nas institui\u00e7\u00f5es. Assim como acreditamos na Auditoria-Fiscal do Trabalho, queremos manter a f\u00e9 na justi\u00e7a. E se n\u00e3o acredit\u00e1ssemos n\u00e3o estar\u00edamos aqui. N\u00f3s acreditamos na Justi\u00e7a e cobramos dela que cumpra seu papel\u2019.\u201d, disse Carlos Silva.<\/p>\n<p><strong>Bolo da impunidade<\/strong><br \/>\nAo TRF1 o Sinait levou o \u201cbolo da impunidade\u201d, como um presente pela decis\u00e3o da 4\u00aa Turma, afirmou Rosa Jorge. Depois de um breve relato sobre o julgamento dos recursos, ela se declarou envergonhada da Justi\u00e7a.<\/p>\n<p>\u201cEsta n\u00e3o \u00e9 a casa da justi\u00e7a, mas da injusti\u00e7a. De acordo com a investiga\u00e7\u00e3o da Pol\u00edcia Federal e com o Tribunal do J\u00fari de Belo Horizonte, o Ant\u00e9rio M\u00e2nica foi, sim, um dos articuladores do crime. Mas n\u00e3o vamos nos calar, n\u00e3o aceitamos essa vergonha. Queremos justi\u00e7a, justi\u00e7a j\u00e1\u201d, afirmou Rosa Jorge, seguida pelo coro dos auditores-fiscais, tamb\u00e9m com o mote \u201cjusti\u00e7a j\u00e1\u201d.<\/p>\n<p>A diretora do Snait, Ana Palmira, que conduziu o ato, lembrou da consist\u00eancia da investiga\u00e7\u00e3o da Pol\u00edcia Federal, que seis meses depois do epis\u00f3dio havia aclarado o crime e apontado os mandantes, com fartas provas. Nove meses depois do crime, todos os r\u00e9us tinham sido pronunciados, gra\u00e7as ao trabalho da pol\u00edcia judici\u00e1ria.<\/p>\n<p>A abertura da atividade teve a participa\u00e7\u00e3o dos cordelistas Allan Sales e Marlo Guedes, que apresentaram cordel sobre os 15 anos da chacina, de autoria de Allan. Ao final do ato, o Sinait soltou 15 mil bal\u00f5es pretos, sin\u00f4nimo do luto das fam\u00edlias, dos auditores-fiscais e de toda a sociedade, que esperam ver a conclus\u00e3o do caso e a aplica\u00e7\u00e3o da lei.<\/p>\n<p>&nbsp;<\/p>\n","protected":false},"excerpt":{"rendered":"<p>15 anos da trag\u00e9dia s\u00e3o marcados por protestos contra impunidade dos mandantes No ato em frente ao Tribunal Regional Federal da 1\u00aa Regi\u00e3o (TRF1), em Bras\u00edlia, auditores-fiscais do Trabalho e o Sinait reivindicaram \u201cJusti\u00e7a j\u00e1\u201d para os mandantes e intermedi\u00e1rios da Chacina de Una\u00ed, nesta segunda-feira, 28 de janeiro. Neste ano, a indigna\u00e7\u00e3o da categoria ganhou ainda mais for\u00e7a, em [&hellip;]<\/p>\n","protected":false},"author":27,"featured_media":0,"comment_status":"open","ping_status":"closed","sticky":false,"template":"","format":"standard","meta":{"footnotes":""},"categories":[2719],"tags":[14451,14450,14454,648,5464,10818,3416,6355,4119,14453,1650,10571,260,14452,1855,1038,718,11373],"class_list":["post-11656","post","type-post","status-publish","format-standard","hentry","category-servidor","tag-15-anos","tag-28-de-janeiro","tag-assassinos","tag-auditores-fiscais","tag-cadeia","tag-chacina-de-unai","tag-crime","tag-criminosos","tag-culpa","tag-executores","tag-impunidade","tag-intermediarios","tag-justica","tag-mandantes","tag-penas","tag-prisao","tag-protesto","tag-tragedia"],"_links":{"self":[{"href":"https:\/\/blogs.correiobraziliense.com.br\/servidor\/wp-json\/wp\/v2\/posts\/11656","targetHints":{"allow":["GET"]}}],"collection":[{"href":"https:\/\/blogs.correiobraziliense.com.br\/servidor\/wp-json\/wp\/v2\/posts"}],"about":[{"href":"https:\/\/blogs.correiobraziliense.com.br\/servidor\/wp-json\/wp\/v2\/types\/post"}],"author":[{"embeddable":true,"href":"https:\/\/blogs.correiobraziliense.com.br\/servidor\/wp-json\/wp\/v2\/users\/27"}],"replies":[{"embeddable":true,"href":"https:\/\/blogs.correiobraziliense.com.br\/servidor\/wp-json\/wp\/v2\/comments?post=11656"}],"version-history":[{"count":1,"href":"https:\/\/blogs.correiobraziliense.com.br\/servidor\/wp-json\/wp\/v2\/posts\/11656\/revisions"}],"predecessor-version":[{"id":11657,"href":"https:\/\/blogs.correiobraziliense.com.br\/servidor\/wp-json\/wp\/v2\/posts\/11656\/revisions\/11657"}],"wp:attachment":[{"href":"https:\/\/blogs.correiobraziliense.com.br\/servidor\/wp-json\/wp\/v2\/media?parent=11656"}],"wp:term":[{"taxonomy":"category","embeddable":true,"href":"https:\/\/blogs.correiobraziliense.com.br\/servidor\/wp-json\/wp\/v2\/categories?post=11656"},{"taxonomy":"post_tag","embeddable":true,"href":"https:\/\/blogs.correiobraziliense.com.br\/servidor\/wp-json\/wp\/v2\/tags?post=11656"}],"curies":[{"name":"wp","href":"https:\/\/api.w.org\/{rel}","templated":true}]}}