{"id":11646,"date":"2019-01-28T14:36:30","date_gmt":"2019-01-28T16:36:30","guid":{"rendered":"https:\/\/blogs.correiobraziliense.com.br\/servidor\/?p=11646"},"modified":"2019-01-28T14:36:30","modified_gmt":"2019-01-28T16:36:30","slug":"tst-decide-que-advogada-de-banco-nao-tem-direito-a-jornada-de-seis-horas","status":"publish","type":"post","link":"https:\/\/blogs.correiobraziliense.com.br\/servidor\/tst-decide-que-advogada-de-banco-nao-tem-direito-a-jornada-de-seis-horas\/","title":{"rendered":"TST decide que advogada de banco n\u00e3o tem direito \u00e0 jornada de seis horas"},"content":{"rendered":"<p><em>Uma advogada que trabalhou no Banco do Brasil por 30 anos entrou com uma a\u00e7\u00e3o trabalhista pedindo o reconhecimento de jornada banc\u00e1ria de seis horas e o pagamento de horas extras. Entretanto, a primeira Turma do Tribunal Superior do Trabalho (TST) julgou improcedente o pedido. Para a Turma, advogado empregado de banco, atuando como profissional liberal, deve seguir a regulamenta\u00e7\u00e3o da pr\u00f3pria categoria e, por isso, n\u00e3o tem direito \u00e0 jornada especial do banc\u00e1rio<\/em><\/p>\n<p>\u201cNa decis\u00e3o, o TST aplicou jurisprud\u00eancia pac\u00edfica que reconhece os advogados como uma categoria profissional diferenciada em virtude de ter um estatuto jur\u00eddico pr\u00f3prio que regulamenta a jornada de trabalho que, no caso, \u00e9 a lei do advogado. Em raz\u00e3o disso, foi aplicada a jornada prevista na lei, que \u00e9 a jornada de oito horas por se tratar de uma circunst\u00e2ncia de trabalho exclusivo para o banco\u201d, explicou o advogado trabalhista Fernando Abdala, do escrit\u00f3rio Abdala Advogados.<\/p>\n","protected":false},"excerpt":{"rendered":"<p>Uma advogada que trabalhou no Banco do Brasil por 30 anos entrou com uma a\u00e7\u00e3o trabalhista pedindo o reconhecimento de jornada banc\u00e1ria de seis horas e o pagamento de horas extras. Entretanto, a primeira Turma do Tribunal Superior do Trabalho (TST) julgou improcedente o pedido. Para a Turma, advogado empregado de banco, atuando como profissional liberal, deve seguir a regulamenta\u00e7\u00e3o [&hellip;]<\/p>\n","protected":false},"author":27,"featured_media":0,"comment_status":"open","ping_status":"closed","sticky":false,"template":"","format":"standard","meta":{"footnotes":""},"categories":[2719],"tags":[8335,14435,1773,1453,379,116,377,6557,1623,5315,9191,478,923,503],"class_list":["post-11646","post","type-post","status-publish","format-standard","hentry","category-servidor","tag-advogada","tag-bancario-especial","tag-banco-do-brasil","tag-bb","tag-categoria","tag-direito","tag-estatuto","tag-improcedente","tag-jornada","tag-juridico","tag-liberal","tag-profissional","tag-regulamentacao","tag-tst"],"_links":{"self":[{"href":"https:\/\/blogs.correiobraziliense.com.br\/servidor\/wp-json\/wp\/v2\/posts\/11646","targetHints":{"allow":["GET"]}}],"collection":[{"href":"https:\/\/blogs.correiobraziliense.com.br\/servidor\/wp-json\/wp\/v2\/posts"}],"about":[{"href":"https:\/\/blogs.correiobraziliense.com.br\/servidor\/wp-json\/wp\/v2\/types\/post"}],"author":[{"embeddable":true,"href":"https:\/\/blogs.correiobraziliense.com.br\/servidor\/wp-json\/wp\/v2\/users\/27"}],"replies":[{"embeddable":true,"href":"https:\/\/blogs.correiobraziliense.com.br\/servidor\/wp-json\/wp\/v2\/comments?post=11646"}],"version-history":[{"count":1,"href":"https:\/\/blogs.correiobraziliense.com.br\/servidor\/wp-json\/wp\/v2\/posts\/11646\/revisions"}],"predecessor-version":[{"id":11647,"href":"https:\/\/blogs.correiobraziliense.com.br\/servidor\/wp-json\/wp\/v2\/posts\/11646\/revisions\/11647"}],"wp:attachment":[{"href":"https:\/\/blogs.correiobraziliense.com.br\/servidor\/wp-json\/wp\/v2\/media?parent=11646"}],"wp:term":[{"taxonomy":"category","embeddable":true,"href":"https:\/\/blogs.correiobraziliense.com.br\/servidor\/wp-json\/wp\/v2\/categories?post=11646"},{"taxonomy":"post_tag","embeddable":true,"href":"https:\/\/blogs.correiobraziliense.com.br\/servidor\/wp-json\/wp\/v2\/tags?post=11646"}],"curies":[{"name":"wp","href":"https:\/\/api.w.org\/{rel}","templated":true}]}}