{"id":11641,"date":"2019-01-28T12:03:23","date_gmt":"2019-01-28T14:03:23","guid":{"rendered":"https:\/\/blogs.correiobraziliense.com.br\/servidor\/?p=11641"},"modified":"2019-01-28T12:03:23","modified_gmt":"2019-01-28T14:03:23","slug":"cnj-bate-papo-ao-vivo-no-youtube-todos-contra-o-trabalho-escravo","status":"publish","type":"post","link":"https:\/\/blogs.correiobraziliense.com.br\/servidor\/cnj-bate-papo-ao-vivo-no-youtube-todos-contra-o-trabalho-escravo\/","title":{"rendered":"CNJ &#8211; bate-papo ao vivo no youtube: todos contra o trabalho escravo"},"content":{"rendered":"<p><em>Nesta segunda-feira (28\/1), em que \u00e9 celebrado o Dia Nacional de Combate ao Trabalho Escravo, o Conselho Nacional de Justi\u00e7a (CNJ) realiza, em seu canal de YouTube, uma transmiss\u00e3o ao vivo de bate-papo com o conselheiro Luciano Frota; e Fernanda Carvalho, da Organiza\u00e7\u00e3o Internacional do Trabalho (OIT). O debate ocorrer\u00e1 \u00e0s 15h e o p\u00fablico pode enviar perguntas e interagir com os dois especialistas. As perguntas podem, inclusive, ser encaminhadas antes do evento. Para tanto, basta usar a #todoscontraotrabalhoescravo no Twitter, no Facebook ou no Instagram<\/em><\/p>\n<p><img loading=\"lazy\" decoding=\"async\" class=\"size-full wp-image-11642 aligncenter\" src=\"https:\/\/blogs.correiobraziliense.com.br\/servidor\/wp-content\/uploads\/sites\/10\/2019\/01\/cnj.jpg\" alt=\"\" width=\"640\" height=\"412\" srcset=\"https:\/\/blogs.correiobraziliense.com.br\/servidor\/wp-content\/uploads\/sites\/10\/2019\/01\/cnj.jpg 640w, https:\/\/blogs.correiobraziliense.com.br\/servidor\/wp-content\/uploads\/sites\/10\/2019\/01\/cnj-300x193.jpg 300w, https:\/\/blogs.correiobraziliense.com.br\/servidor\/wp-content\/uploads\/sites\/10\/2019\/01\/cnj-350x225.jpg 350w, https:\/\/blogs.correiobraziliense.com.br\/servidor\/wp-content\/uploads\/sites\/10\/2019\/01\/cnj-550x354.jpg 550w, https:\/\/blogs.correiobraziliense.com.br\/servidor\/wp-content\/uploads\/sites\/10\/2019\/01\/cnj-230x148.jpg 230w\" sizes=\"auto, (max-width: 640px) 100vw, 640px\" \/><\/p>\n<p>O conselheiro Luciano Frota, que \u00e9 juiz do trabalho, preside o\u00a0 <a href=\"http:\/\/www.cnj.jus.br\/programas-e-acoes\/assuntos-fundiarios-trabalho-escravo-e-trafico-de-pessoas\/fontet?acm=245707_11688\" target=\"_blank\" rel=\"alternate noopener\">Comit\u00ea Nacional Judicial de Enfrentamento \u00e0 Explora\u00e7\u00e3o do Trabalho em Condi\u00e7\u00f5es An\u00e1logas ao de Escravo e de Tr\u00e1fico de Pessoas do CNJ<\/a>. Fernanda Carvalho \u00e9 Oficial Nacional de Projetos da OIT Brasil e atua no combate ao trabalho escravo.<\/p>\n<p>O Dia Nacional de Combate ao Trabalho Escravo foi institu\u00eddo pela <a href=\"http:\/\/www.planalto.gov.br\/ccivil_03\/_Ato2007-2010\/2009\/Lei\/L12064.htm\" rel=\"alternate\">Lei n\u00ba 12.064<\/a>,, em homenagem aos auditores-fiscais do Trabalho assassinados quando investigavam den\u00fancias de trabalho escravo em Una\u00ed-MG.<\/p>\n<p><strong>Servi\u00e7o<\/strong><\/p>\n<p><em>Todos contra o trabalho escravo<\/em><br \/>\nBate papo com o conselheiro Luciano Frota, do CNJ; e Fernanda Carvalho, da OIT Brasil<br \/>\nQuando: Segunda-feira, dia 28\/01, \u00e0s 15h<br \/>\nOnde: transmiss\u00e3o ao vivo no youtube: youtube.com\/cnj<\/p>\n","protected":false},"excerpt":{"rendered":"<p>Nesta segunda-feira (28\/1), em que \u00e9 celebrado o Dia Nacional de Combate ao Trabalho Escravo, o Conselho Nacional de Justi\u00e7a (CNJ) realiza, em seu canal de YouTube, uma transmiss\u00e3o ao vivo de bate-papo com o conselheiro Luciano Frota; e Fernanda Carvalho, da Organiza\u00e7\u00e3o Internacional do Trabalho (OIT). O debate ocorrer\u00e1 \u00e0s 15h e o p\u00fablico pode enviar perguntas e interagir [&hellip;]<\/p>\n","protected":false},"author":27,"featured_media":0,"comment_status":"open","ping_status":"closed","sticky":false,"template":"","format":"standard","meta":{"footnotes":""},"categories":[2719],"tags":[811,14428,254,847,382,2068,4817,14427,14426],"class_list":["post-11641","post","type-post","status-publish","format-standard","hentry","category-servidor","tag-auditores-fiscais-do-trabalho","tag-chacina","tag-cnj","tag-debate","tag-especialistas","tag-oit","tag-transmissao","tag-unai-mg","tag-youtube-trabalho-escravo"],"_links":{"self":[{"href":"https:\/\/blogs.correiobraziliense.com.br\/servidor\/wp-json\/wp\/v2\/posts\/11641","targetHints":{"allow":["GET"]}}],"collection":[{"href":"https:\/\/blogs.correiobraziliense.com.br\/servidor\/wp-json\/wp\/v2\/posts"}],"about":[{"href":"https:\/\/blogs.correiobraziliense.com.br\/servidor\/wp-json\/wp\/v2\/types\/post"}],"author":[{"embeddable":true,"href":"https:\/\/blogs.correiobraziliense.com.br\/servidor\/wp-json\/wp\/v2\/users\/27"}],"replies":[{"embeddable":true,"href":"https:\/\/blogs.correiobraziliense.com.br\/servidor\/wp-json\/wp\/v2\/comments?post=11641"}],"version-history":[{"count":1,"href":"https:\/\/blogs.correiobraziliense.com.br\/servidor\/wp-json\/wp\/v2\/posts\/11641\/revisions"}],"predecessor-version":[{"id":11643,"href":"https:\/\/blogs.correiobraziliense.com.br\/servidor\/wp-json\/wp\/v2\/posts\/11641\/revisions\/11643"}],"wp:attachment":[{"href":"https:\/\/blogs.correiobraziliense.com.br\/servidor\/wp-json\/wp\/v2\/media?parent=11641"}],"wp:term":[{"taxonomy":"category","embeddable":true,"href":"https:\/\/blogs.correiobraziliense.com.br\/servidor\/wp-json\/wp\/v2\/categories?post=11641"},{"taxonomy":"post_tag","embeddable":true,"href":"https:\/\/blogs.correiobraziliense.com.br\/servidor\/wp-json\/wp\/v2\/tags?post=11641"}],"curies":[{"name":"wp","href":"https:\/\/api.w.org\/{rel}","templated":true}]}}