{"id":11631,"date":"2019-01-25T15:00:22","date_gmt":"2019-01-25T17:00:22","guid":{"rendered":"https:\/\/blogs.correiobraziliense.com.br\/servidor\/?p=11631"},"modified":"2019-01-25T15:00:22","modified_gmt":"2019-01-25T17:00:22","slug":"servidores-presidente-do-fonacate-falara-sobre-pontos-da-reforma-da-previdencia-insustentaveis-as-15h15","status":"publish","type":"post","link":"https:\/\/blogs.correiobraziliense.com.br\/servidor\/servidores-presidente-do-fonacate-falara-sobre-pontos-da-reforma-da-previdencia-insustentaveis-as-15h15\/","title":{"rendered":"Servidores &#8211; Presidente do Fonacate falar\u00e1 sobre pontos da reforma da Previd\u00eancia insustent\u00e1veis, \u00e0s 15h15"},"content":{"rendered":"<p>Daqui a pouco, Rudinei Marques, presidente do F\u00f3rum Nacional das Carreiras de Estado (Fonacate), vai bater um papo, ao vivo, pelo <a href=\"https:\/\/www.facebook.com\/correiobraziliense\/\">Facebook do Correio Braziliense<\/a>, sobre os principais pontos da reforma da Previd\u00eancia e os equ\u00edvocos do projeto oficial.<\/p>\n<p>A briga do funcionalismo federal contra detalhes que retiram direitos j\u00e1 come\u00e7ou. Ontem, enquanto os olhos estavam voltados para Davos, principais lideran\u00e7as dos servidores se reuniram com o futuro l\u00edder do governo na C\u00e2mara, major Victor Hugo (GO). Na pauta: modelo de capitaliza\u00e7\u00e3o, sistema de transi\u00e7\u00e3o para os que entraram ap\u00f3s 2013 e acumula\u00e7\u00e3o de aposentadorias e pens\u00f5es. Segundo os servidores, o encontro de ontem foi, tamb\u00e9m, uma tentativa de aproxima\u00e7\u00e3o com o Legislativo e com o Minist\u00e9rio da Economia. Eles apresentaram um estudo com uma poss\u00edvel solu\u00e7\u00e3o dos gargalos.<\/p>\n<p>Participaram, ontem, da reuni\u00e3o, Vilson Antonio Romero, assessor de Estudos Socioecon\u00f4micos da Associa\u00e7\u00e3o Nacionais dos Auditores Fiscais da Receita Federal (Anfip),do presidente da Anamatra (Magistratura Nacional) e coordenador da Frente Associativa da Magistratura e do Minist\u00e9rio P\u00fablico (Frentas), Guilherme Feliciano; do presidente do F\u00f3rum Nacional Permanente de Carreiras Tipicas do Estado (Fonacate), Rudinei Marques; do secret\u00e1rio-geral da Federa\u00e7\u00e3o Nacional dos Poderes Legislativos Federal, Estaduais e do Distrito Federal (Fenale), Jos\u00e9 Eduardo Rangel; do presidente do Sindicato dos servidores do Poder Legislativo Federal e do TCU (Sindilegis), Petrus Elesb\u00e3o; e, pelo Minist\u00e9rio P\u00fablico, o promotor Paulo Penteado, assessor jur\u00eddico e legislativo da Associa\u00e7\u00e3o Nacional dos Membros do Minist\u00e9rio P\u00fablico (Conamp).<\/p>\n","protected":false},"excerpt":{"rendered":"<p>Daqui a pouco, Rudinei Marques, presidente do F\u00f3rum Nacional das Carreiras de Estado (Fonacate), vai bater um papo, ao vivo, pelo Facebook do Correio Braziliense, sobre os principais pontos da reforma da Previd\u00eancia e os equ\u00edvocos do projeto oficial. A briga do funcionalismo federal contra detalhes que retiram direitos j\u00e1 come\u00e7ou. Ontem, enquanto os olhos estavam voltados para Davos, principais [&hellip;]<\/p>\n","protected":false},"author":27,"featured_media":0,"comment_status":"open","ping_status":"closed","sticky":false,"template":"","format":"standard","meta":{"footnotes":""},"categories":[2719],"tags":[82,11202,1164,81,58],"class_list":["post-11631","post","type-post","status-publish","format-standard","hentry","category-servidor","tag-fonacate","tag-frente-nacional-contra-a-reforma-da-previdencia","tag-funcionalismo","tag-presidente","tag-servidores"],"_links":{"self":[{"href":"https:\/\/blogs.correiobraziliense.com.br\/servidor\/wp-json\/wp\/v2\/posts\/11631","targetHints":{"allow":["GET"]}}],"collection":[{"href":"https:\/\/blogs.correiobraziliense.com.br\/servidor\/wp-json\/wp\/v2\/posts"}],"about":[{"href":"https:\/\/blogs.correiobraziliense.com.br\/servidor\/wp-json\/wp\/v2\/types\/post"}],"author":[{"embeddable":true,"href":"https:\/\/blogs.correiobraziliense.com.br\/servidor\/wp-json\/wp\/v2\/users\/27"}],"replies":[{"embeddable":true,"href":"https:\/\/blogs.correiobraziliense.com.br\/servidor\/wp-json\/wp\/v2\/comments?post=11631"}],"version-history":[{"count":1,"href":"https:\/\/blogs.correiobraziliense.com.br\/servidor\/wp-json\/wp\/v2\/posts\/11631\/revisions"}],"predecessor-version":[{"id":11632,"href":"https:\/\/blogs.correiobraziliense.com.br\/servidor\/wp-json\/wp\/v2\/posts\/11631\/revisions\/11632"}],"wp:attachment":[{"href":"https:\/\/blogs.correiobraziliense.com.br\/servidor\/wp-json\/wp\/v2\/media?parent=11631"}],"wp:term":[{"taxonomy":"category","embeddable":true,"href":"https:\/\/blogs.correiobraziliense.com.br\/servidor\/wp-json\/wp\/v2\/categories?post=11631"},{"taxonomy":"post_tag","embeddable":true,"href":"https:\/\/blogs.correiobraziliense.com.br\/servidor\/wp-json\/wp\/v2\/tags?post=11631"}],"curies":[{"name":"wp","href":"https:\/\/api.w.org\/{rel}","templated":true}]}}