{"id":1163,"date":"2016-03-02T14:15:36","date_gmt":"2016-03-02T17:15:36","guid":{"rendered":"https:\/\/blogs.correiobraziliense.com.br\/servidor\/?p=1163"},"modified":"2016-03-02T14:15:36","modified_gmt":"2016-03-02T17:15:36","slug":"aprovada-prorrogacao-da-cpi-dos-fundos-de-pensao","status":"publish","type":"post","link":"https:\/\/blogs.correiobraziliense.com.br\/servidor\/aprovada-prorrogacao-da-cpi-dos-fundos-de-pensao\/","title":{"rendered":"APROVADA PRORROGA\u00c7\u00c3O DA CPI DOS FUNDOS DE PENS\u00c3O"},"content":{"rendered":"<p>O presidente da C\u00e2mara dos Deputados, Eduardo Cunha, aprovou a nova prorroga\u00e7\u00e3o da Comiss\u00e3o Parlamentar de Inqu\u00e9rito (CPI) dos Fundos de Pens\u00e3o. O prazo de funcionamento da CPI ser\u00e1 estendido por mais 30 dias.<\/p>\n<p>O prazo final da primeira prorroga\u00e7\u00e3o (60 dias) iria at\u00e9 19 de mar\u00e7o. Sendo assim, o novo per\u00edodo de extens\u00e3o dos trabalhos come\u00e7a a contar a partir de 20 de mar\u00e7o. Com a aprova\u00e7\u00e3o de Cunha, a CPI segue at\u00e9 18 de abril.<\/p>\n<p>Instalada em agosto de 2015, a comiss\u00e3o deve recomendar ao Minist\u00e9rio P\u00fablico a ado\u00e7\u00e3o de medidas civis e penais, segundo o relator, deputado federal S\u00e9rgio Souza (PMDB-PR). Pelo menos 25 nomes envolvidos no desvio de dinheiro dos quatro principais fundos de pens\u00e3o do pa\u00eds (Postalis, Funcef, Previ e Petros) devem constar no relat\u00f3rio final.<\/p>\n<p><em>Acordo<\/em><\/p>\n<p>Representantes do Postalis e do banco BNY Mellon se reuniram nessa ter\u00e7a-feira (1\u00ba\/3) com o relator da CPI dos Fundos de Pens\u00e3o, para a primeira conversa sobre um acordo de ressarcimento do banco ao fundo.<\/p>\n<p>Os benefici\u00e1rios dos Correios fizeram duas propostas ao BNY Mellon. O banco pediu um prazo at\u00e9 a pr\u00f3xima semana para dar uma resposta. Segundo a Postalis, o desvio seria de R$ 5 bilh\u00f5es.<\/p>\n<p>Cr\u00e9dito: Dep. Sergio Souza\/Divulga\u00e7\u00e3o<\/p>\n","protected":false},"excerpt":{"rendered":"<p>O presidente da C\u00e2mara dos Deputados, Eduardo Cunha, aprovou a nova prorroga\u00e7\u00e3o da Comiss\u00e3o Parlamentar de Inqu\u00e9rito (CPI) dos Fundos de Pens\u00e3o. O prazo de funcionamento da CPI ser\u00e1 estendido por mais 30 dias. O prazo final da primeira prorroga\u00e7\u00e3o (60 dias) iria at\u00e9 19 de mar\u00e7o. Sendo assim, o novo per\u00edodo de extens\u00e3o dos trabalhos come\u00e7a a contar a [&hellip;]<\/p>\n","protected":false},"author":27,"featured_media":0,"comment_status":"open","ping_status":"closed","sticky":false,"template":"","format":"standard","meta":{"footnotes":""},"categories":[1],"tags":[1176,152,1020,153,1021,1018,1022,818],"class_list":["post-1163","post","type-post","status-publish","format-standard","hentry","category-sem-categoria","tag-aprovada","tag-cpi","tag-funcef","tag-fundos-de-pensao","tag-petros","tag-postalis","tag-previ","tag-prorrogacao"],"_links":{"self":[{"href":"https:\/\/blogs.correiobraziliense.com.br\/servidor\/wp-json\/wp\/v2\/posts\/1163","targetHints":{"allow":["GET"]}}],"collection":[{"href":"https:\/\/blogs.correiobraziliense.com.br\/servidor\/wp-json\/wp\/v2\/posts"}],"about":[{"href":"https:\/\/blogs.correiobraziliense.com.br\/servidor\/wp-json\/wp\/v2\/types\/post"}],"author":[{"embeddable":true,"href":"https:\/\/blogs.correiobraziliense.com.br\/servidor\/wp-json\/wp\/v2\/users\/27"}],"replies":[{"embeddable":true,"href":"https:\/\/blogs.correiobraziliense.com.br\/servidor\/wp-json\/wp\/v2\/comments?post=1163"}],"version-history":[{"count":1,"href":"https:\/\/blogs.correiobraziliense.com.br\/servidor\/wp-json\/wp\/v2\/posts\/1163\/revisions"}],"predecessor-version":[{"id":1164,"href":"https:\/\/blogs.correiobraziliense.com.br\/servidor\/wp-json\/wp\/v2\/posts\/1163\/revisions\/1164"}],"wp:attachment":[{"href":"https:\/\/blogs.correiobraziliense.com.br\/servidor\/wp-json\/wp\/v2\/media?parent=1163"}],"wp:term":[{"taxonomy":"category","embeddable":true,"href":"https:\/\/blogs.correiobraziliense.com.br\/servidor\/wp-json\/wp\/v2\/categories?post=1163"},{"taxonomy":"post_tag","embeddable":true,"href":"https:\/\/blogs.correiobraziliense.com.br\/servidor\/wp-json\/wp\/v2\/tags?post=1163"}],"curies":[{"name":"wp","href":"https:\/\/api.w.org\/{rel}","templated":true}]}}