{"id":11622,"date":"2019-01-24T14:39:05","date_gmt":"2019-01-24T16:39:05","guid":{"rendered":"https:\/\/blogs.correiobraziliense.com.br\/servidor\/?p=11622"},"modified":"2019-01-24T14:39:05","modified_gmt":"2019-01-24T16:39:05","slug":"enap-bolsa-de-estudos-na-alemanha","status":"publish","type":"post","link":"https:\/\/blogs.correiobraziliense.com.br\/servidor\/enap-bolsa-de-estudos-na-alemanha\/","title":{"rendered":"Enap &#8211; Bolsa de estudos na Alemanha"},"content":{"rendered":"<p><em>A Escola Nacional de Administra\u00e7\u00e3o P\u00fablica (Enap), em parceria com o Instituto de Desenvolvimento Alem\u00e3o (DIE),\u00a0convida para candidatura ao Curso Managing Global Governance Academy, em Bonn, na Alemanha<\/em><\/p>\n<p>O curso tem como p\u00fablico-alvo, candidatos entre 25 e 40 anos de idade, com tr\u00eas anos de experi\u00eancia profissional, profici\u00eancia em ingl\u00eas e que trabalham com t\u00f3picos de governan\u00e7a global. Adapta\u00e7\u00e3o a outras culturas e m\u00e9todos de trabalho, reflex\u00e3o e trabalho em equipe tamb\u00e9m s\u00e3o aspectos importantes para a candidatura.<\/p>\n<p>A bolsa inclui hospedagem durante todo o programa, ajuda de custo mensal, seguro sa\u00fade e custeio das viagens relacionadas ao programa. As passagens a\u00e9reas dever\u00e3o ser custeadas pelo pr\u00f3prio participante ou por sua institui\u00e7\u00e3o.<\/p>\n<p><strong>Informa\u00e7\u00f5es:<\/strong><\/p>\n<p>Dura\u00e7\u00e3o do curso: 4 meses \u2013 15 de agosto a 11 de dezembro de 2019.<\/p>\n<p>&nbsp;<\/p>\n<p>Mais informa\u00e7\u00f5es: <a href=\"https:\/\/www.enap.gov.br\/index.php\/pt\/noticias\/oportunidade-bolsa-de-estudos-na-alemanha\">https:\/\/www.enap.gov.br\/index.php\/pt\/noticias\/oportunidade-bolsa-de-estudos-na-alemanha<\/a><\/p>\n","protected":false},"excerpt":{"rendered":"<p>A Escola Nacional de Administra\u00e7\u00e3o P\u00fablica (Enap), em parceria com o Instituto de Desenvolvimento Alem\u00e3o (DIE),\u00a0convida para candidatura ao Curso Managing Global Governance Academy, em Bonn, na Alemanha O curso tem como p\u00fablico-alvo, candidatos entre 25 e 40 anos de idade, com tr\u00eas anos de experi\u00eancia profissional, profici\u00eancia em ingl\u00eas e que trabalham com t\u00f3picos de governan\u00e7a global. Adapta\u00e7\u00e3o a [&hellip;]<\/p>\n","protected":false},"author":27,"featured_media":0,"comment_status":"open","ping_status":"closed","sticky":false,"template":"","format":"standard","meta":{"footnotes":""},"categories":[2719],"tags":[8450,14410,14411,178,14416,2116,14412,308,3171,5183,14414,11091,14413,14415,13364,13315,9314,4997,14417],"class_list":["post-11622","post","type-post","status-publish","format-standard","hentry","category-servidor","tag-alemanha","tag-bolsa-de-estudos","tag-bonn","tag-candidatos","tag-custieo","tag-custo","tag-die","tag-enap","tag-equipe","tag-experiencia","tag-governanca-global","tag-ingles","tag-managing-global-governance","tag-metodos","tag-participante","tag-proficiencia","tag-reflexao","tag-seguro","tag-viagem-passagens"],"_links":{"self":[{"href":"https:\/\/blogs.correiobraziliense.com.br\/servidor\/wp-json\/wp\/v2\/posts\/11622","targetHints":{"allow":["GET"]}}],"collection":[{"href":"https:\/\/blogs.correiobraziliense.com.br\/servidor\/wp-json\/wp\/v2\/posts"}],"about":[{"href":"https:\/\/blogs.correiobraziliense.com.br\/servidor\/wp-json\/wp\/v2\/types\/post"}],"author":[{"embeddable":true,"href":"https:\/\/blogs.correiobraziliense.com.br\/servidor\/wp-json\/wp\/v2\/users\/27"}],"replies":[{"embeddable":true,"href":"https:\/\/blogs.correiobraziliense.com.br\/servidor\/wp-json\/wp\/v2\/comments?post=11622"}],"version-history":[{"count":1,"href":"https:\/\/blogs.correiobraziliense.com.br\/servidor\/wp-json\/wp\/v2\/posts\/11622\/revisions"}],"predecessor-version":[{"id":11623,"href":"https:\/\/blogs.correiobraziliense.com.br\/servidor\/wp-json\/wp\/v2\/posts\/11622\/revisions\/11623"}],"wp:attachment":[{"href":"https:\/\/blogs.correiobraziliense.com.br\/servidor\/wp-json\/wp\/v2\/media?parent=11622"}],"wp:term":[{"taxonomy":"category","embeddable":true,"href":"https:\/\/blogs.correiobraziliense.com.br\/servidor\/wp-json\/wp\/v2\/categories?post=11622"},{"taxonomy":"post_tag","embeddable":true,"href":"https:\/\/blogs.correiobraziliense.com.br\/servidor\/wp-json\/wp\/v2\/tags?post=11622"}],"curies":[{"name":"wp","href":"https:\/\/api.w.org\/{rel}","templated":true}]}}