{"id":11616,"date":"2019-01-23T20:24:44","date_gmt":"2019-01-23T22:24:44","guid":{"rendered":"https:\/\/blogs.correiobraziliense.com.br\/servidor\/?p=11616"},"modified":"2019-01-23T20:24:44","modified_gmt":"2019-01-23T22:24:44","slug":"decreto-nao-alivia-dificuldades-de-importacao-de-armas","status":"publish","type":"post","link":"https:\/\/blogs.correiobraziliense.com.br\/servidor\/decreto-nao-alivia-dificuldades-de-importacao-de-armas\/","title":{"rendered":"Decreto n\u00e3o alivia dificuldades de importa\u00e7\u00e3o de armas"},"content":{"rendered":"<p><em>Modelos internacionais considerados muito seguros dependem de autoriza\u00e7\u00e3o pr\u00e9via do Ex\u00e9rcito<\/em><\/p>\n<p>O decreto assinado pelo presidente Jair Bolsonaro para facilitar a posse de armas n\u00e3o mexeu nas regras de importa\u00e7\u00e3o. Quem quiser optar por armas internacionais continuar\u00e1 a enfrentar barreiras burocr\u00e1ticas que desestimulam a importa\u00e7\u00e3o.<\/p>\n<p>\u201cO decreto n\u00e3o alterou as regras para importa\u00e7\u00e3o\u201d, explica a advogada Cl\u00e1udia Petit Cardoso, do departamento de Neg\u00f3cios Internacionais e Tribut\u00e1rio Aduaneiro do Braga Nascimento e Zilio Advogados. \u201cA autoriza\u00e7\u00e3o para a importa\u00e7\u00e3o se d\u00e1 em regime de licenciamento n\u00e3o-autom\u00e1tico, que deve ser feito previamente, caso a caso, e continuar\u00e1 dependendo da anu\u00eancia do Comando do Ex\u00e9rcito.\u201d<\/p>\n<p>Al\u00e9m disso, diz a advogada, a importa\u00e7\u00e3o continua restrita para colecionadores, atiradores e ca\u00e7adores, al\u00e9m das for\u00e7as oficiais de seguran\u00e7a p\u00fablica e em condi\u00e7\u00f5es espec\u00edficas.<\/p>\n<p>Acredita, ainda, que ser\u00e1 necess\u00e1ria a expedi\u00e7\u00e3o de normas para regular as novas situa\u00e7\u00f5es de posse de arma.<\/p>\n<p>Se flexibilizada, a importa\u00e7\u00e3o de armas daria acesso a modelos considerados muito seguros devido a seus sistemas de travas, que evitam disparos acidentais. \u00c9 o caso, por exemplo, das pistolas Glock (austr\u00edaca) e Sig Sauer (su\u00ed\u00e7a). A Glock foi recentemente adquirida pela PM de S\u00e3o Paulo em licita\u00e7\u00e3o internacional depois que similares nacionais apresentaram severas falhas, citou a advogada.<\/p>\n","protected":false},"excerpt":{"rendered":"<p>Modelos internacionais considerados muito seguros dependem de autoriza\u00e7\u00e3o pr\u00e9via do Ex\u00e9rcito O decreto assinado pelo presidente Jair Bolsonaro para facilitar a posse de armas n\u00e3o mexeu nas regras de importa\u00e7\u00e3o. Quem quiser optar por armas internacionais continuar\u00e1 a enfrentar barreiras burocr\u00e1ticas que desestimulam a importa\u00e7\u00e3o. \u201cO decreto n\u00e3o alterou as regras para importa\u00e7\u00e3o\u201d, explica a advogada Cl\u00e1udia Petit Cardoso, do [&hellip;]<\/p>\n","protected":false},"author":27,"featured_media":0,"comment_status":"open","ping_status":"closed","sticky":false,"template":"","format":"standard","meta":{"footnotes":""},"categories":[2719],"tags":[4799,14404,3188,5286,11116,14405,14403,1172,7435,3670,5212,1232,10191,7946,2439,868,5761,4997],"class_list":["post-11616","post","type-post","status-publish","format-standard","hentry","category-servidor","tag-armas","tag-atiradores","tag-autorizacao","tag-barreiras","tag-burocraticas","tag-cacadores","tag-colecionadores","tag-decreto","tag-dificuldades","tag-exercito","tag-importacao","tag-internacionais","tag-licenciamento","tag-modelos","tag-oficiais","tag-posse","tag-seguranca-publica","tag-seguro"],"_links":{"self":[{"href":"https:\/\/blogs.correiobraziliense.com.br\/servidor\/wp-json\/wp\/v2\/posts\/11616","targetHints":{"allow":["GET"]}}],"collection":[{"href":"https:\/\/blogs.correiobraziliense.com.br\/servidor\/wp-json\/wp\/v2\/posts"}],"about":[{"href":"https:\/\/blogs.correiobraziliense.com.br\/servidor\/wp-json\/wp\/v2\/types\/post"}],"author":[{"embeddable":true,"href":"https:\/\/blogs.correiobraziliense.com.br\/servidor\/wp-json\/wp\/v2\/users\/27"}],"replies":[{"embeddable":true,"href":"https:\/\/blogs.correiobraziliense.com.br\/servidor\/wp-json\/wp\/v2\/comments?post=11616"}],"version-history":[{"count":1,"href":"https:\/\/blogs.correiobraziliense.com.br\/servidor\/wp-json\/wp\/v2\/posts\/11616\/revisions"}],"predecessor-version":[{"id":11617,"href":"https:\/\/blogs.correiobraziliense.com.br\/servidor\/wp-json\/wp\/v2\/posts\/11616\/revisions\/11617"}],"wp:attachment":[{"href":"https:\/\/blogs.correiobraziliense.com.br\/servidor\/wp-json\/wp\/v2\/media?parent=11616"}],"wp:term":[{"taxonomy":"category","embeddable":true,"href":"https:\/\/blogs.correiobraziliense.com.br\/servidor\/wp-json\/wp\/v2\/categories?post=11616"},{"taxonomy":"post_tag","embeddable":true,"href":"https:\/\/blogs.correiobraziliense.com.br\/servidor\/wp-json\/wp\/v2\/tags?post=11616"}],"curies":[{"name":"wp","href":"https:\/\/api.w.org\/{rel}","templated":true}]}}