{"id":1159,"date":"2016-03-02T12:42:37","date_gmt":"2016-03-02T15:42:37","guid":{"rendered":"https:\/\/blogs.correiobraziliense.com.br\/servidor\/?p=1159"},"modified":"2016-03-02T12:42:37","modified_gmt":"2016-03-02T15:42:37","slug":"portaria-limita-em-r-141bilhoes-despesas-de-custeio-para-2016","status":"publish","type":"post","link":"https:\/\/blogs.correiobraziliense.com.br\/servidor\/portaria-limita-em-r-141bilhoes-despesas-de-custeio-para-2016\/","title":{"rendered":"PORTARIA LIMITA EM R$ 14,1BILH\u00d5ES DESPESAS DE CUSTEIO PARA 2016"},"content":{"rendered":"<div><em>Norma inclui gastos com di\u00e1rias e passagens, loca\u00e7\u00e3o de im\u00f3veis e terceiriza\u00e7\u00e3o<\/em><span style=\"font-family: Calibri,sans-serif;font-size: small\"><span style=\"color: black;font-family: Arial,sans-serif;font-size: large\"><strong><br \/>\n<\/strong><\/span><\/span><\/div>\n<div><\/div>\n<div>\n<div align=\"justify\"><span style=\"font-family: Calibri,sans-serif;font-size: small\"><span style=\"color: black;font-family: Arial,sans-serif\">O Minist\u00e9rio do Planejamento, Or\u00e7amento e Gest\u00e3o (MP) publicou, nesta\u00a0quarta-feira (2), a Portaria n\u00ba\u00a067, que limita em R$ 14,185 bilh\u00f5es o valor total a ser empenhado pelos minist\u00e9rios para despesas de custeio administrativo no exerc\u00edcio de 2016.<\/span><\/span><\/div>\n<div align=\"justify\"><span style=\"font-family: Calibri,sans-serif;font-size: small\"><span style=\"color: black;font-family: Arial,sans-serif\">\u00a0<\/span><\/span><\/div>\n<div align=\"justify\"><span style=\"font-family: Calibri,sans-serif;font-size: small\"><span style=\"color: black;font-family: Arial,sans-serif\">Est\u00e3o neste grupo de despesas os gastos com di\u00e1rias e passagens, loca\u00e7\u00e3o de im\u00f3veis, loca\u00e7\u00e3o de m\u00e3o de obra e terceiriza\u00e7\u00e3o, incluindo servi\u00e7os de limpeza, conserva\u00e7\u00e3o e vigil\u00e2ncia. O objetivo do governo \u00e9 reduzir os gastos de custeio e possibilitar a utiliza\u00e7\u00e3o dos recursos para a\u00e7\u00f5es final\u00edsticas dos \u00f3rg\u00e3os do Poder Executivo.<\/span><\/span><\/div>\n<div align=\"justify\"><span style=\"font-family: Calibri,sans-serif;font-size: small\"><span style=\"color: black;font-family: Arial,sans-serif\">\u00a0<\/span><\/span><\/div>\n<div align=\"justify\"><span style=\"font-family: Calibri,sans-serif;font-size: small\"><span style=\"color: black;font-family: Arial,sans-serif\">O Minist\u00e9rio esclarece que a portaria n\u00e3o tem apenas a fun\u00e7\u00e3o de controle e redu\u00e7\u00e3o nesses gastos, mas tamb\u00e9m o papel norteador aos diversos gestores da Administra\u00e7\u00e3o P\u00fablica Federal para as melhores pr\u00e1ticas na contrata\u00e7\u00e3o e realiza\u00e7\u00e3o das despesas.<\/span><\/span><\/div>\n<div align=\"justify\"><span style=\"font-family: Calibri,sans-serif;font-size: small\"><span style=\"color: black;font-family: Arial,sans-serif\">\u00a0<\/span><\/span><\/div>\n<div align=\"justify\"><span style=\"font-family: Calibri,sans-serif;font-size: small\"><span style=\"color: black;font-family: Arial,sans-serif\">A portaria estabelece tamb\u00e9m limite de gastos para as seguintes despesas: apoio administrativo; consultoria; loca\u00e7\u00e3o de ve\u00edculos, m\u00e1quinas e equipamentos; telefonia; e c\u00f3pia de documentos.<\/span><\/span><\/div>\n<div align=\"justify\"><span style=\"font-family: Calibri,sans-serif;font-size: small\"><span style=\"color: black;font-family: Arial,sans-serif\">\u00a0<\/span><\/span><\/div>\n<div align=\"justify\"><span style=\"font-family: Calibri,sans-serif;font-size: small\"><span style=\"color: black;font-family: Arial,sans-serif\">Suspende, ainda, novas contrata\u00e7\u00f5es relacionadas \u00e0 aquisi\u00e7\u00e3o de im\u00f3veis e ve\u00edculos de representa\u00e7\u00e3o, de transporte institucional e de servi\u00e7os comuns e \u00e0 loca\u00e7\u00e3o de im\u00f3veis, ve\u00edculos, m\u00e1quinas e equipamentos.<\/span><\/span><\/div>\n<div align=\"justify\"><span style=\"font-family: Calibri,sans-serif;font-size: small\"><span style=\"color: black;font-family: Arial,sans-serif\">\u00a0<\/span><\/span><\/div>\n<div align=\"justify\"><span style=\"font-family: Calibri,sans-serif;font-size: small\"><span style=\"color: black;font-family: Arial,sans-serif\">Cabe destacar que, em fun\u00e7\u00e3o do esfor\u00e7o do governo no enfrentamento do Zika v\u00edrus e das demais doen\u00e7as transmitidas pelo mosquito Aedes aegypti, foram preservados recursos de custeio do Minist\u00e9rio da Sa\u00fade.<\/span><\/span><\/div>\n<div align=\"justify\"><span style=\"font-family: Calibri,sans-serif;font-size: small\"><span style=\"color: black;font-family: Arial,sans-serif\">\u00a0<\/span><\/span><\/div>\n<div align=\"justify\"><span style=\"font-family: Calibri,sans-serif;font-size: small\"><span style=\"color: black;font-family: Arial,sans-serif\">Tamb\u00e9m foram mantidos recursos do Programa de Acelera\u00e7\u00e3o do Crescimento (PAC), das despesas obrigat\u00f3rias, dos Jogos Ol\u00edmpicos e Paraol\u00edmpicos do Rio de Janeiro, assim como para administra\u00e7\u00e3o de im\u00f3veis da reforma agr\u00e1ria e do Minist\u00e9rio da Defesa ou dos Comandos da Marinha, do Ex\u00e9rcito ou da Aeron\u00e1utica.<\/span><\/span><\/div>\n<div align=\"justify\"><span style=\"font-family: Calibri,sans-serif;font-size: small\"><span style=\"color: black;font-family: Arial,sans-serif\">\u00a0<\/span><\/span><\/div>\n<div align=\"justify\"><span style=\"font-family: Calibri,sans-serif;font-size: small\"><span style=\"color: black;font-family: Arial,sans-serif\">Foram ainda preservadas as despesas com a concess\u00e3o de di\u00e1rias e passagens nacionais para as atividades de normatiza\u00e7\u00e3o, fiscaliza\u00e7\u00e3o, controle interno, policiamento e defesa civil.\u200b<\/span><\/span><\/div>\n<\/div>\n","protected":false},"excerpt":{"rendered":"<p>Norma inclui gastos com di\u00e1rias e passagens, loca\u00e7\u00e3o de im\u00f3veis e terceiriza\u00e7\u00e3o O Minist\u00e9rio do Planejamento, Or\u00e7amento e Gest\u00e3o (MP) publicou, nesta\u00a0quarta-feira (2), a Portaria n\u00ba\u00a067, que limita em R$ 14,185 bilh\u00f5es o valor total a ser empenhado pelos minist\u00e9rios para despesas de custeio administrativo no exerc\u00edcio de 2016. \u00a0 Est\u00e3o neste grupo de despesas os gastos com di\u00e1rias e [&hellip;]<\/p>\n","protected":false},"author":27,"featured_media":0,"comment_status":"open","ping_status":"closed","sticky":false,"template":"","format":"standard","meta":{"footnotes":""},"categories":[1],"tags":[236,235,1169,98,1168,141,1167],"class_list":["post-1159","post","type-post","status-publish","format-standard","hentry","category-sem-categoria","tag-custeio","tag-despesas","tag-gastos","tag-governo","tag-limita","tag-ministerio-do-planejamento","tag-portaria"],"_links":{"self":[{"href":"https:\/\/blogs.correiobraziliense.com.br\/servidor\/wp-json\/wp\/v2\/posts\/1159","targetHints":{"allow":["GET"]}}],"collection":[{"href":"https:\/\/blogs.correiobraziliense.com.br\/servidor\/wp-json\/wp\/v2\/posts"}],"about":[{"href":"https:\/\/blogs.correiobraziliense.com.br\/servidor\/wp-json\/wp\/v2\/types\/post"}],"author":[{"embeddable":true,"href":"https:\/\/blogs.correiobraziliense.com.br\/servidor\/wp-json\/wp\/v2\/users\/27"}],"replies":[{"embeddable":true,"href":"https:\/\/blogs.correiobraziliense.com.br\/servidor\/wp-json\/wp\/v2\/comments?post=1159"}],"version-history":[{"count":1,"href":"https:\/\/blogs.correiobraziliense.com.br\/servidor\/wp-json\/wp\/v2\/posts\/1159\/revisions"}],"predecessor-version":[{"id":1160,"href":"https:\/\/blogs.correiobraziliense.com.br\/servidor\/wp-json\/wp\/v2\/posts\/1159\/revisions\/1160"}],"wp:attachment":[{"href":"https:\/\/blogs.correiobraziliense.com.br\/servidor\/wp-json\/wp\/v2\/media?parent=1159"}],"wp:term":[{"taxonomy":"category","embeddable":true,"href":"https:\/\/blogs.correiobraziliense.com.br\/servidor\/wp-json\/wp\/v2\/categories?post=1159"},{"taxonomy":"post_tag","embeddable":true,"href":"https:\/\/blogs.correiobraziliense.com.br\/servidor\/wp-json\/wp\/v2\/tags?post=1159"}],"curies":[{"name":"wp","href":"https:\/\/api.w.org\/{rel}","templated":true}]}}