{"id":11588,"date":"2019-01-21T20:06:17","date_gmt":"2019-01-21T22:06:17","guid":{"rendered":"https:\/\/blogs.correiobraziliense.com.br\/servidor\/?p=11588"},"modified":"2019-01-21T20:06:17","modified_gmt":"2019-01-21T22:06:17","slug":"fundo-brasil-oferece-r-800-mil-a-projetos-de-defesa-dos-direitos-humanos","status":"publish","type":"post","link":"https:\/\/blogs.correiobraziliense.com.br\/servidor\/fundo-brasil-oferece-r-800-mil-a-projetos-de-defesa-dos-direitos-humanos\/","title":{"rendered":"Fundo Brasil oferece R$ 800 mil a projetos de defesa dos direitos humanos"},"content":{"rendered":"<p><em>Iniciativas selecionadas receber\u00e3o de R$ 20 a R$ 40 mil cada. Lan\u00e7ado pelo Fundo Brasil, edital est\u00e1 com inscri\u00e7\u00f5es abertas at\u00e9 28 de fevereiro. O resultado ser\u00e1 divulgado a partir do dia 27 de junho<\/em><\/p>\n<p>Por meio do edital \u201c70 Anos da Declara\u00e7\u00e3o Universal dos Direitos Humanos\u201d, o Fundo Brasil vai doar at\u00e9 R$ 800 mil para organiza\u00e7\u00f5es, grupos e coletivos que atuam na defesa dos direitos humanos em todo o pa\u00eds.<\/p>\n<p>O objetivo da entidade \u00e9 apoiar iniciativas que enfrentem o desmonte dos mecanismos institucionais de defesa dos direitos humanos em um cen\u00e1rio de crise social e pol\u00edtica, marcado por amea\u00e7as e retrocessos em rela\u00e7\u00e3o \u00e0s conquistas, especialmente na \u00e1rea dos direitos sociais.<\/p>\n<p><a href=\"https:\/\/fundodireitoshumanos.org.br\/edital\/70-anos-da-declaracao-universal-dos-direitos-humanos\/\">Confira aqui o edital completo<\/a>.<\/p>\n<p>Por meio desse edital, o Fundo Brasil vai priorizar o apoio a grupos, organiza\u00e7\u00f5es e coletivos que possuam poucos recursos e que tenham dificuldade de acesso a outras fontes. Tamb\u00e9m ser\u00e3o valorizadas propostas que estimulem a atua\u00e7\u00e3o em rede e que sejam coordenadas por jovens.<\/p>\n<p>Os projetos selecionados receber\u00e3o de R$ 20 mil a R$ 40 mil cada. As propostas ser\u00e3o recebidas at\u00e9 o dia 28 de fevereiro e o resultado ser\u00e1 divulgado a partir do dia 27 de junho.<br \/>\nN\u00e3o ser\u00e3o aceitos projetos apresentados por organiza\u00e7\u00f5es governamentais, universidades, organiza\u00e7\u00f5es internacionais, partidos pol\u00edticos, empresas de pequeno ou m\u00e9dio porte, microempresas e microempreendedores individuais.<\/p>\n<p><strong>Sobre o Fundo Brasi<\/strong>l<br \/>\nO Fundo Brasil de Direitos Humanos \u00e9 uma organiza\u00e7\u00e3o independente, sem fins lucrativos e com a proposta inovadora de criar meios sustent\u00e1veis para destinar recursos a organiza\u00e7\u00f5es sociais que lutam pela defesa dos direitos humanos. A partir do apoio financeiro e t\u00e9cnico oferecido a essas organiza\u00e7\u00f5es, o Fundo Brasil viabiliza o desenvolvimento de projetos de defesa e promo\u00e7\u00e3o de direitos humanos em todas as regi\u00f5es do pa\u00eds, impactando positivamente no dia a dia de milhares de pessoas. Em atividade desde 2006, o Fundo j\u00e1 apoiou mais de 400 projetos.<\/p>\n","protected":false},"excerpt":{"rendered":"<p>Iniciativas selecionadas receber\u00e3o de R$ 20 a R$ 40 mil cada. Lan\u00e7ado pelo Fundo Brasil, edital est\u00e1 com inscri\u00e7\u00f5es abertas at\u00e9 28 de fevereiro. O resultado ser\u00e1 divulgado a partir do dia 27 de junho Por meio do edital \u201c70 Anos da Declara\u00e7\u00e3o Universal dos Direitos Humanos\u201d, o Fundo Brasil vai doar at\u00e9 R$ 800 mil para organiza\u00e7\u00f5es, grupos e [&hellip;]<\/p>\n","protected":false},"author":27,"featured_media":0,"comment_status":"open","ping_status":"closed","sticky":false,"template":"","format":"standard","meta":{"footnotes":""},"categories":[2719],"tags":[2553,6784,7313,366,1201,3270,5209,92,13197,5204,10064,781,4165,1415,1300,2508,3513,3678,2103],"class_list":["post-11588","post","type-post","status-publish","format-standard","hentry","category-servidor","tag-ameacas","tag-coletivos","tag-conquistas","tag-crise","tag-defesa","tag-desmonte","tag-direitos-humanos","tag-edital","tag-fundo-brasil","tag-grupos","tag-iniciativas","tag-inscricoes","tag-organizacoes","tag-politica","tag-projetos","tag-resultado","tag-retrocessos","tag-selecionados","tag-social"],"_links":{"self":[{"href":"https:\/\/blogs.correiobraziliense.com.br\/servidor\/wp-json\/wp\/v2\/posts\/11588","targetHints":{"allow":["GET"]}}],"collection":[{"href":"https:\/\/blogs.correiobraziliense.com.br\/servidor\/wp-json\/wp\/v2\/posts"}],"about":[{"href":"https:\/\/blogs.correiobraziliense.com.br\/servidor\/wp-json\/wp\/v2\/types\/post"}],"author":[{"embeddable":true,"href":"https:\/\/blogs.correiobraziliense.com.br\/servidor\/wp-json\/wp\/v2\/users\/27"}],"replies":[{"embeddable":true,"href":"https:\/\/blogs.correiobraziliense.com.br\/servidor\/wp-json\/wp\/v2\/comments?post=11588"}],"version-history":[{"count":1,"href":"https:\/\/blogs.correiobraziliense.com.br\/servidor\/wp-json\/wp\/v2\/posts\/11588\/revisions"}],"predecessor-version":[{"id":11589,"href":"https:\/\/blogs.correiobraziliense.com.br\/servidor\/wp-json\/wp\/v2\/posts\/11588\/revisions\/11589"}],"wp:attachment":[{"href":"https:\/\/blogs.correiobraziliense.com.br\/servidor\/wp-json\/wp\/v2\/media?parent=11588"}],"wp:term":[{"taxonomy":"category","embeddable":true,"href":"https:\/\/blogs.correiobraziliense.com.br\/servidor\/wp-json\/wp\/v2\/categories?post=11588"},{"taxonomy":"post_tag","embeddable":true,"href":"https:\/\/blogs.correiobraziliense.com.br\/servidor\/wp-json\/wp\/v2\/tags?post=11588"}],"curies":[{"name":"wp","href":"https:\/\/api.w.org\/{rel}","templated":true}]}}