{"id":11574,"date":"2019-01-18T15:11:16","date_gmt":"2019-01-18T17:11:16","guid":{"rendered":"https:\/\/blogs.correiobraziliense.com.br\/servidor\/?p=11574"},"modified":"2019-01-18T15:11:16","modified_gmt":"2019-01-18T17:11:16","slug":"ato-em-defesa-dos-direitos-sociais-e-da-justica-do-trabalho-em-brasilia-e-palmas-sera-em-frente-a-sede-do-trt-10","status":"publish","type":"post","link":"https:\/\/blogs.correiobraziliense.com.br\/servidor\/ato-em-defesa-dos-direitos-sociais-e-da-justica-do-trabalho-em-brasilia-e-palmas-sera-em-frente-a-sede-do-trt-10\/","title":{"rendered":"Ato em Defesa dos Direitos Sociais e da Justi\u00e7a do Trabalho, em Bras\u00edlia e Palmas, ser\u00e1 em frente \u00e0 sede do TRT-10"},"content":{"rendered":"<p><em>O Tribunal Regional do Trabalho da 10\u00aa Regi\u00e3o (TRT-10 &#8211; na 513 Norte) sediar\u00e1, em Bras\u00edlia e Palmas, na pr\u00f3xima segunda-feira (21), o Ato em Defesa dos Direitos Sociais e da Justi\u00e7a do Trabalho convocado nacionalmente pela Associa\u00e7\u00e3o Brasileira de Advogados Trabalhistas (Abrat) com a ades\u00e3o de diversas entidades de classe, institui\u00e7\u00f5es e organiza\u00e7\u00f5es da sociedade civil<\/em><\/p>\n<p>O objetivo \u00e9 esclarecer e conscientizar a sociedade brasileira sobre a import\u00e2ncia da Justi\u00e7a do Trabalho como instrumento de garantia da justi\u00e7a social. Em Bras\u00edlia, o ato acontecer\u00e1 no Foro Trabalhista de Bras\u00edlia (513 Norte) \u00e0s 10h, e, em Palmas, no Foro Trabalhista de Palmas, \u00e0s 8h. A data escolhida para a realiza\u00e7\u00e3o dos atos estaduais unificados marca o in\u00edcio do ano judici\u00e1rio para a Justi\u00e7a do Trabalho em todo o pa\u00eds.<\/p>\n<p>Os atos v\u00e3o acontecer simultaneamente nos 27 estados da federa\u00e7\u00e3o e ser\u00e3o organizados pelas associa\u00e7\u00f5es regionais da Abrat. Sociedade civil, diversas entidades associativas compostas por juristas e tamb\u00e9m integrantes da comunidade jur\u00eddica foram convocados e devem participar dos atos organizados pelo Brasil.<\/p>\n","protected":false},"excerpt":{"rendered":"<p>O Tribunal Regional do Trabalho da 10\u00aa Regi\u00e3o (TRT-10 &#8211; na 513 Norte) sediar\u00e1, em Bras\u00edlia e Palmas, na pr\u00f3xima segunda-feira (21), o Ato em Defesa dos Direitos Sociais e da Justi\u00e7a do Trabalho convocado nacionalmente pela Associa\u00e7\u00e3o Brasileira de Advogados Trabalhistas (Abrat) com a ades\u00e3o de diversas entidades de classe, institui\u00e7\u00f5es e organiza\u00e7\u00f5es da sociedade civil O objetivo \u00e9 [&hellip;]<\/p>\n","protected":false},"author":27,"featured_media":0,"comment_status":"open","ping_status":"closed","sticky":false,"template":"","format":"standard","meta":{"footnotes":""},"categories":[2719],"tags":[12539,21,867,14370,943,1814,3579,260,697,198,556,3214,7163],"class_list":["post-11574","post","type-post","status-publish","format-standard","hentry","category-servidor","tag-abrat","tag-ato","tag-brasilia","tag-defesa-dos-direitos-sociais-e-da-justica-do-trabalho","tag-estados","tag-foro","tag-juristas","tag-justica","tag-justica-do-trabalho","tag-pais","tag-palmas","tag-regionais","tag-trt-10"],"_links":{"self":[{"href":"https:\/\/blogs.correiobraziliense.com.br\/servidor\/wp-json\/wp\/v2\/posts\/11574","targetHints":{"allow":["GET"]}}],"collection":[{"href":"https:\/\/blogs.correiobraziliense.com.br\/servidor\/wp-json\/wp\/v2\/posts"}],"about":[{"href":"https:\/\/blogs.correiobraziliense.com.br\/servidor\/wp-json\/wp\/v2\/types\/post"}],"author":[{"embeddable":true,"href":"https:\/\/blogs.correiobraziliense.com.br\/servidor\/wp-json\/wp\/v2\/users\/27"}],"replies":[{"embeddable":true,"href":"https:\/\/blogs.correiobraziliense.com.br\/servidor\/wp-json\/wp\/v2\/comments?post=11574"}],"version-history":[{"count":1,"href":"https:\/\/blogs.correiobraziliense.com.br\/servidor\/wp-json\/wp\/v2\/posts\/11574\/revisions"}],"predecessor-version":[{"id":11575,"href":"https:\/\/blogs.correiobraziliense.com.br\/servidor\/wp-json\/wp\/v2\/posts\/11574\/revisions\/11575"}],"wp:attachment":[{"href":"https:\/\/blogs.correiobraziliense.com.br\/servidor\/wp-json\/wp\/v2\/media?parent=11574"}],"wp:term":[{"taxonomy":"category","embeddable":true,"href":"https:\/\/blogs.correiobraziliense.com.br\/servidor\/wp-json\/wp\/v2\/categories?post=11574"},{"taxonomy":"post_tag","embeddable":true,"href":"https:\/\/blogs.correiobraziliense.com.br\/servidor\/wp-json\/wp\/v2\/tags?post=11574"}],"curies":[{"name":"wp","href":"https:\/\/api.w.org\/{rel}","templated":true}]}}