{"id":11572,"date":"2019-01-18T14:59:45","date_gmt":"2019-01-18T16:59:45","guid":{"rendered":"https:\/\/blogs.correiobraziliense.com.br\/servidor\/?p=11572"},"modified":"2019-01-18T14:59:45","modified_gmt":"2019-01-18T16:59:45","slug":"receita-federal-informacoes-importantes-sobre-o-caepf","status":"publish","type":"post","link":"https:\/\/blogs.correiobraziliense.com.br\/servidor\/receita-federal-informacoes-importantes-sobre-o-caepf\/","title":{"rendered":"Receita Federal &#8211; Informa\u00e7\u00f5es importantes sobre o CAEPF"},"content":{"rendered":"<p><em>TV Receita divulga v\u00eddeo sobre o Cadastro de Atividade Econ\u00f4mica da Pessoa F\u00edsica (CAEPF, que re\u00fane dados das atividades econ\u00f4micas exercidas pela pessoa f\u00edsica<\/em><\/p>\n<p>De acordo com informa\u00e7\u00f5es da Receita, as pessoas f\u00edsicas empregadoras ou o trabalhador rural precisam ficar atentos ao novo Cadastro de Atividade Econ\u00f4mica da Pessoa F\u00edsica (CAEPF) que tornou-se obrigat\u00f3rio em 15 de janeiro deste ano.<\/p>\n<p>O CAEPF \u00e9 o cadastro administrado pela Receita Federal que re\u00fane informa\u00e7\u00f5es das atividades econ\u00f4micas exercidas pela pessoa f\u00edsica e que ir\u00e1 facilitar a garantia dos direitos dos empregados e empregadores. Ele \u00e9 fundamental para que outras obriga\u00e7\u00f5es, tal qual o eSocial, sejam cumpridas.<\/p>\n<p>Est\u00e3o obrigados a se inscrever no cadastro:<\/p>\n<p>a) Contribuinte Individual, conforme definido na Lei n\u00ba 8.212, de 1991, quando a ele se aplicar pelo menos uma das situa\u00e7\u00f5es abaixo:<\/p>\n<p>\u00b7 possua segurado que lhe preste servi\u00e7o;<\/p>\n<p>\u00b7 titular de Cart\u00f3rio, sendo a inscri\u00e7\u00e3o no CAEPF emitida em nome do titular, ainda que a respectiva serventia seja registrada no CNPJ;<\/p>\n<p>\u00b7 pessoa f\u00edsica n\u00e3o produtor rural, que adquire produ\u00e7\u00e3o rural para venda, no varejo, a consumidor pessoa f\u00edsica, nos termos do inciso II do \u00a77\u00ba do art. 200 do Regulamento da Previd\u00eancia Social (RPS), aprovado pelo Decreto n\u00ba 3.048, de 6 de maio de 1999;<\/p>\n<p>\u00b7 produtor rural contribuinte individual; e<\/p>\n<p>b) Segurado Especial, conforme definido na Lei n\u00ba 8.212, de 1991.<\/p>\n<p>Assista ao v\u00eddeo da TV Receita sobre o novo cadastro no link https:\/\/www.youtube.com\/watch?v=ZsPqknvPUjE<\/p>\n","protected":false},"excerpt":{"rendered":"<p>TV Receita divulga v\u00eddeo sobre o Cadastro de Atividade Econ\u00f4mica da Pessoa F\u00edsica (CAEPF, que re\u00fane dados das atividades econ\u00f4micas exercidas pela pessoa f\u00edsica De acordo com informa\u00e7\u00f5es da Receita, as pessoas f\u00edsicas empregadoras ou o trabalhador rural precisam ficar atentos ao novo Cadastro de Atividade Econ\u00f4mica da Pessoa F\u00edsica (CAEPF) que tornou-se obrigat\u00f3rio em 15 de janeiro deste ano. [&hellip;]<\/p>\n","protected":false},"author":27,"featured_media":0,"comment_status":"open","ping_status":"closed","sticky":false,"template":"","format":"standard","meta":{"footnotes":""},"categories":[2719],"tags":[463,86,14368,3337,515,619,4678,14369,1291,407,6388,294,5666,2238,3088,5012],"class_list":["post-11572","post","type-post","status-publish","format-standard","hentry","category-servidor","tag-atividades","tag-cadastro","tag-caepf","tag-cartorio","tag-contribuintes","tag-direitos","tag-economicas","tag-empregadoras","tag-inscricao","tag-obrigacoes","tag-pessoa-fisica","tag-receita-federal","tag-rural","tag-segurado","tag-trabalhador","tag-video"],"_links":{"self":[{"href":"https:\/\/blogs.correiobraziliense.com.br\/servidor\/wp-json\/wp\/v2\/posts\/11572","targetHints":{"allow":["GET"]}}],"collection":[{"href":"https:\/\/blogs.correiobraziliense.com.br\/servidor\/wp-json\/wp\/v2\/posts"}],"about":[{"href":"https:\/\/blogs.correiobraziliense.com.br\/servidor\/wp-json\/wp\/v2\/types\/post"}],"author":[{"embeddable":true,"href":"https:\/\/blogs.correiobraziliense.com.br\/servidor\/wp-json\/wp\/v2\/users\/27"}],"replies":[{"embeddable":true,"href":"https:\/\/blogs.correiobraziliense.com.br\/servidor\/wp-json\/wp\/v2\/comments?post=11572"}],"version-history":[{"count":1,"href":"https:\/\/blogs.correiobraziliense.com.br\/servidor\/wp-json\/wp\/v2\/posts\/11572\/revisions"}],"predecessor-version":[{"id":11573,"href":"https:\/\/blogs.correiobraziliense.com.br\/servidor\/wp-json\/wp\/v2\/posts\/11572\/revisions\/11573"}],"wp:attachment":[{"href":"https:\/\/blogs.correiobraziliense.com.br\/servidor\/wp-json\/wp\/v2\/media?parent=11572"}],"wp:term":[{"taxonomy":"category","embeddable":true,"href":"https:\/\/blogs.correiobraziliense.com.br\/servidor\/wp-json\/wp\/v2\/categories?post=11572"},{"taxonomy":"post_tag","embeddable":true,"href":"https:\/\/blogs.correiobraziliense.com.br\/servidor\/wp-json\/wp\/v2\/tags?post=11572"}],"curies":[{"name":"wp","href":"https:\/\/api.w.org\/{rel}","templated":true}]}}